{"id":10527,"date":"2021-08-13T00:54:00","date_gmt":"2021-08-13T00:54:00","guid":{"rendered":"https:\/\/augmentir.com\/?p=10527"},"modified":"2023-12-18T17:52:42","modified_gmt":"2023-12-18T17:52:42","slug":"augmentir-recognized-in-4-gartner-hype-cycles-for-digital-transformation-and-connected-worker-innovation-in-manufacturing","status":"publish","type":"post","link":"https:\/\/www.augmentir.com\/fr\/blog\/augmentir-recognized-in-4-gartner-hype-cycles-for-digital-transformation-and-connected-worker-innovation-in-manufacturing","title":{"rendered":"Augmentir reconnu dans 4 cycles Gartner Hype pour la transformation num\u00e9rique et l&#039;innovation des travailleurs connect\u00e9s dans le secteur manufacturier"},"content":{"rendered":"<p>&nbsp;<\/p>\r\n<p>Augmentir a r\u00e9cemment \u00e9t\u00e9 reconnu par <a href=\"https:\/\/www.gartner.com\/en\" target=\"_blank\" rel=\"noreferrer noopener\">Gartner<\/a> dans quatre rapports Hype Cycle distincts qui couvrent l&#039;innovation technologique dans le secteur manufacturier. Ces quatre rapports comprennent :<\/p>\r\n\r\n\r\n\r\n<ul class=\"wp-block-list\">\r\n<li>Hype Cycle pour la transformation num\u00e9rique et l&#039;innovation dans le secteur manufacturier, 2021<\/li>\r\n<li>Hype Cycle pour la strat\u00e9gie des op\u00e9rations de fabrication, 2021<\/li>\r\n<li>Hype Cycle pour l&#039;optimisation et la modernisation num\u00e9riques de la fabrication, 2021<\/li>\r\n<li>Hype Cycle pour les technologies des travailleurs de premi\u00e8re ligne, 2021<\/li>\r\n<\/ul>\r\n\r\n\r\n\r\n<p>Dans ces rapports, Gartner met en avant Augmentir en tant que fournisseur de logiciels cl\u00e9 dans les cat\u00e9gories Connected Factory Worker et Immersive Experiences in Manufacturing Operations.<\/p>\r\n\r\n\r\n\r\n<ul class=\"wp-block-list\">\r\n<li><strong>Ouvrier d&#039;usine connect\u00e9<\/strong>: Les ouvriers d&#039;usine connect\u00e9s utilisent divers outils num\u00e9riques pour am\u00e9liorer la s\u00e9curit\u00e9, la qualit\u00e9 et la productivit\u00e9 des t\u00e2ches qu&#039;ils effectuent. Cette technologie aide \u00e0 connecter les travailleurs au \u00ab\u00a0tissu num\u00e9rique\u00a0\u00bb de l&#039;entreprise, en fournissant un aper\u00e7u des t\u00e2ches qu&#039;ils effectuent afin qu&#039;elles puissent \u00eatre optimis\u00e9es et am\u00e9lior\u00e9es en permanence.<\/li>\r\n<li><strong>Exp\u00e9riences immersives dans les op\u00e9rations de fabrication<\/strong>: Selon Gartner, les exp\u00e9riences immersives consistent \u00e0 permettre la perception d&#039;\u00eatre physiquement pr\u00e9sent dans un monde non physique ou \u00e0 enrichir la pr\u00e9sence des personnes dans le monde physique avec du contenu du monde virtuel. Gartner envisage d&#039;utiliser des exp\u00e9riences immersives pour les t\u00e2ches de qualit\u00e9 et de maintenance, de se connecter et de collaborer \u00e0 distance avec des employ\u00e9s qui ne peuvent pas \u00eatre sur place, ou des appareils portables pour la gestion de la s\u00e9curit\u00e9.<\/li>\r\n<\/ul>\r\n\r\n\r\n\r\n<p><a href=\"https:\/\/www.gartner.com\/en\/research\/methodologies\/gartner-hype-cycle\" target=\"_blank\" rel=\"noreferrer noopener\">Ces rapports sur le cycle de battage m\u00e9diatique<\/a> et les profils d&#039;innovation sont fournis par Gartner pour aider les organisations \u00e0 d\u00e9cider quelles nouvelles innovations et technologies adopter, ainsi que la valeur qu&#039;elles peuvent apporter \u00e0 leurs op\u00e9rations de fabrication.<\/p>\r\n\r\n\r\n\r\n<h2 class=\"wp-block-heading\">Transformation num\u00e9rique dans la fabrication<\/h2>\r\n\r\n\r\n\r\n<p>Selon Gartner, <span class=\"unbalanced-text\">l&#039;industrie manufacturi\u00e8re est transform\u00e9e par de nouveaux mod\u00e8les commerciaux et des technologies strat\u00e9giques et innovantes qui s&#039;inscrivent dans l&#039;Industrie 4.0. Les fabricants peuvent capitaliser sur les progr\u00e8s r\u00e9alis\u00e9s en mati\u00e8re d&#039;intelligence artificielle (IA), de visualisation, de collaboration et d&#039;une plus grande connectivit\u00e9 entre les entreprises. <\/span><\/p>\r\n\r\n\r\n\r\n<p><span class=\"unbalanced-text\">C&#039;\u00e9tait l&#039;objet des rapports r\u00e9cemment publi\u00e9s par Gartner, qui ont r\u00e9v\u00e9l\u00e9 des opportunit\u00e9s pour les leaders de la fabrication d&#039;obtenir des avantages commerciaux gr\u00e2ce \u00e0 des concepts et des technologies qui am\u00e9liorent la productivit\u00e9 et la prise de d\u00e9cision. En plus d&#039;ajouter de la valeur aux entreprises manufacturi\u00e8res, ils augmentent les fen\u00eatres d&#039;avantage concurrentiel.<\/span><\/p>\r\n\r\n\r\n\r\n<h2 class=\"wp-block-heading\">The Connected Worker \u2013 Une premi\u00e8re \u00e9tape pour la transformation num\u00e9rique dans le secteur manufacturier<\/h2>\r\n\r\n\r\n\r\n<p>Les fabricants commencent \u00e0 reconna\u00eetre \u00e0 quel point les travailleurs de premi\u00e8re ligne font partie int\u00e9grante du tissu num\u00e9rique de leur entreprise et que le fait de n\u00e9gliger ces travailleurs a fait en sorte que leurs efforts de transformation num\u00e9rique n&#039;ont pas atteint leurs objectifs.<\/p>\r\n\r\n\r\n\r\n<p>Ces m\u00eames leaders de l&#039;industrie investissent maintenant dans une approche int\u00e9gr\u00e9e - dotant leurs \u00e9quipes de premi\u00e8re ligne de solutions de travail connect\u00e9es qui utilisent des technologies telles que les appareils mobiles et portables, la r\u00e9alit\u00e9 augment\u00e9e et mixte (AR\/MR), les outils de collaboration \u00e0 distance et l&#039;intelligence artificielle (IA) . Les solutions de travailleurs connect\u00e9s qui rassemblent ces technologies aident \u00e0 connecter une nouvelle cat\u00e9gorie de travailleurs et permettent aux organisations de fournir de mani\u00e8re proactive et continue le bon niveau de formation, d&#039;assistance, d&#039;orientation et d&#039;am\u00e9lioration.<\/p>\r\n\r\n\r\n\r\n<h2 class=\"wp-block-heading\">Optimiser les performances des travailleurs avec l&#039;IA<\/h2>\r\n\r\n\r\n\r\n<p>\u00c0 mesure que les travailleurs deviennent plus connect\u00e9s, les entreprises ont acc\u00e8s \u00e0 une nouvelle source riche d&#039;activit\u00e9s, d&#039;ex\u00e9cution et de donn\u00e9es tribales, et avec des outils d&#039;IA appropri\u00e9s, elles peuvent obtenir des informations sur les domaines o\u00f9 existent les plus grandes opportunit\u00e9s d&#039;am\u00e9lioration. <strong>L&#039;intelligence artificielle \u00e9tablit une base bas\u00e9e sur les donn\u00e9es pour une am\u00e9lioration continue dans les domaines de la productivit\u00e9, de la qualit\u00e9 et du d\u00e9veloppement de la main-d&#039;\u0153uvre<\/strong>, pr\u00e9parant le terrain pour r\u00e9pondre aux besoins d&#039;une main-d&#039;\u0153uvre en constante \u00e9volution.<\/p>\r\n\r\n\r\n\r\n<p>Chez Augmentir, nous pensons que le but d&#039;une plateforme de travailleurs connect\u00e9s n&#039;est pas simplement de fournir des instructions et une assistance \u00e0 distance \u00e0 un travailleur de premi\u00e8re ligne, mais plut\u00f4t d&#039;optimiser en permanence les performances de l&#039;\u00e9cosyst\u00e8me des travailleurs connect\u00e9s. L&#039;intelligence artificielle est la seule capable de r\u00e9pondre aux macrotendances fondamentales de la variabilit\u00e9 des comp\u00e9tences et de la perte de connaissances tribales au sein de la main-d&#039;\u0153uvre, et cr\u00e9e une base pour des am\u00e9liorations bas\u00e9es sur les donn\u00e9es de la performance op\u00e9rationnelle et de l&#039;am\u00e9lioration continue.<\/p>\r\n\r\n\r\n\r\n<blockquote class=\"wp-block-quote is-layout-flow wp-block-quote-is-layout-flow\">\r\n<p>\u00ab\u00a0L&#039;IA jouera un r\u00f4le essentiel dans le succ\u00e8s \u00e0 long terme des travailleurs d&#039;usine connect\u00e9s. Au fur et \u00e0 mesure que davantage d&#039;informations sont organis\u00e9es et mises \u00e0 disposition, les algorithmes doivent \u00eatre continuellement form\u00e9s en alignement avec les initiatives d&#039;am\u00e9lioration continue, cr\u00e9ant ainsi le potentiel d&#039;une meilleure analyse des causes profondes.<\/p>\r\n<cite>Gartner<\/cite><\/blockquote>\r\n\r\n\r\n\r\n<p>Avec un \u00e9cosyst\u00e8me d&#039;auteurs de contenu, de travailleurs de premi\u00e8re ligne, d&#039;experts en la mati\u00e8re, de responsables des op\u00e9rations, d&#039;ing\u00e9nieurs en am\u00e9lioration continue et de sp\u00e9cialistes de la qualit\u00e9, il existe des dizaines d&#039;opportunit\u00e9s d&#039;am\u00e9liorer les performances \u00e0 l&#039;aide de l&#039;IA. Par exemple, apr\u00e8s le d\u00e9ploiement d&#039;Augmentir pendant plusieurs mois, notre moteur d&#039;IA commencera \u00e0 identifier des mod\u00e8les dans les donn\u00e9es qui vous permettront de concentrer vos efforts sur les domaines qui pr\u00e9sentent les plus grandes opportunit\u00e9s de satisfaction client, de productivit\u00e9 et de d\u00e9veloppement de la main-d&#039;\u0153uvre. Cela vous permettra de r\u00e9pondre \u00e0 des questions telles que :<\/p>\r\n\r\n\r\n\r\n<ul class=\"wp-block-list\">\r\n<li>O\u00f9 dois-je investir pour obtenir la plus grande am\u00e9lioration de la performance op\u00e9rationnelle\u00a0?<\/li>\r\n<li>Quelles t\u00e2ches de fabrication ont la plus grande opportunit\u00e9 de productivit\u00e9 ou de qualit\u00e9\u00a0?<\/li>\r\n<li>O\u00f9 une formation cibl\u00e9e me rapporterait-elle le plus ?<\/li>\r\n<\/ul>\r\n\r\n\r\n\r\n<p><strong>IA d&#039;Augmentir<\/strong>\u00a0met \u00e0 jour en permanence ses informations pour permettre aux entreprises de se concentrer sur leurs plus grands domaines d&#039;opportunit\u00e9, ce qui vous permet d&#039;apporter des am\u00e9liorations d&#039;ann\u00e9e en ann\u00e9e dans les mesures op\u00e9rationnelles cl\u00e9s.<\/p>\r\n\r\n\r\n\r\n<h2 class=\"wp-block-heading\">Int\u00e9ress\u00e9 \u00e0 en savoir plus?<\/h2>\r\n\r\n\r\n\r\n<p>Si vous souhaitez en savoir plus sur Augmentir et voir comment notre plateforme de travailleurs connect\u00e9s aliment\u00e9e par l&#039;IA am\u00e9liore la s\u00e9curit\u00e9, la qualit\u00e9 et la productivit\u00e9 de votre personnel,\u00a0<a href=\"https:\/\/www.augmentir.com\/request-a-demo\">planifier une d\u00e9mo<\/a> avec l&#039;un de nos experts produits.<\/p>\r\n<p>&nbsp;<\/p>","protected":false},"excerpt":{"rendered":"<p>13 ao\u00fbt 2021<\/p>","protected":false},"author":1,"featured_media":11628,"comment_status":"closed","ping_status":"open","sticky":false,"template":"","format":"standard","meta":{"inline_featured_image":false,"_lmt_disableupdate":"no","_lmt_disable":"","footnotes":""},"categories":[4],"tags":[48,47,29,46,49,50],"class_list":["post-10527","post","type-post","status-publish","format-standard","has-post-thumbnail","hentry","category-blog","tag-ai","tag-connected-worker","tag-digital-transformation","tag-gartner-hype-cycle","tag-innovation","tag-manufacturing"],"yoast_head":"<!-- This site is optimized with the Yoast SEO plugin v27.2 - https:\/\/yoast.com\/product\/yoast-seo-wordpress\/ -->\n<title>Augmentir Recognized in 4 Gartner Hype Cycles for Digital Transformation and Connected Worker Innovation in Manufacturing - Augmentir<\/title>\n<meta name=\"description\" content=\"Gartner Hype Cycle highlights Augmentir for connected worker solutions, digital transformation, and innovation in manufacturing.\" \/>\n<meta name=\"robots\" content=\"index, follow, max-snippet:-1, max-image-preview:large, max-video-preview:-1\" \/>\n<link rel=\"canonical\" href=\"https:\/\/www.augmentir.com\/fr\/blog\/augmentir-recognized-in-4-gartner-hype-cycles-for-digital-transformation-and-connected-worker-innovation-in-manufacturing\" \/>\n<meta property=\"og:locale\" content=\"fr_FR\" \/>\n<meta property=\"og:type\" content=\"article\" \/>\n<meta property=\"og:title\" content=\"Augmentir Recognized in 4 Gartner Hype Cycles for Digital Transformation and Connected Worker Innovation in Manufacturing - Augmentir\" \/>\n<meta property=\"og:description\" content=\"Gartner Hype Cycle highlights Augmentir for connected worker solutions, digital transformation, and innovation in manufacturing.\" \/>\n<meta property=\"og:url\" content=\"https:\/\/www.augmentir.com\/fr\/blog\/augmentir-recognized-in-4-gartner-hype-cycles-for-digital-transformation-and-connected-worker-innovation-in-manufacturing\" \/>\n<meta property=\"og:site_name\" content=\"Augmentir\" \/>\n<meta property=\"article:published_time\" content=\"2021-08-13T00:54:00+00:00\" \/>\n<meta property=\"article:modified_time\" content=\"2023-12-18T17:52:42+00:00\" \/>\n<meta property=\"og:image\" content=\"https:\/\/www.augmentir.com\/wp-content\/uploads\/2021\/08\/augmentir-recognized-in-gartner-hype-cycles-manufacturing-digital-transformation-2.png\" \/>\n\t<meta property=\"og:image:width\" content=\"1200\" \/>\n\t<meta property=\"og:image:height\" content=\"630\" \/>\n\t<meta property=\"og:image:type\" content=\"image\/png\" \/>\n<meta name=\"author\" content=\"Chris Kuntz\" \/>\n<meta name=\"twitter:card\" content=\"summary_large_image\" \/>\n<meta name=\"twitter:creator\" content=\"@augmentir\" \/>\n<meta name=\"twitter:site\" content=\"@augmentir\" \/>\n<script type=\"application\/ld+json\" class=\"yoast-schema-graph\">{\"@context\":\"https:\/\/schema.org\",\"@graph\":[{\"@type\":\"Article\",\"@id\":\"https:\/\/www.augmentir.com\/blog\/augmentir-recognized-in-4-gartner-hype-cycles-for-digital-transformation-and-connected-worker-innovation-in-manufacturing#article\",\"isPartOf\":{\"@id\":\"https:\/\/www.augmentir.com\/blog\/augmentir-recognized-in-4-gartner-hype-cycles-for-digital-transformation-and-connected-worker-innovation-in-manufacturing\"},\"author\":{\"name\":\"Chris Kuntz\",\"@id\":\"https:\/\/www.augmentir.com\/#\/schema\/person\/a873d3191dd1f8d87b6c61258e92d07b\"},\"headline\":\"Augmentir Recognized in 4 Gartner Hype Cycles for Digital Transformation and Connected Worker Innovation in Manufacturing\",\"datePublished\":\"2021-08-13T00:54:00+00:00\",\"dateModified\":\"2023-12-18T17:52:42+00:00\",\"mainEntityOfPage\":{\"@id\":\"https:\/\/www.augmentir.com\/blog\/augmentir-recognized-in-4-gartner-hype-cycles-for-digital-transformation-and-connected-worker-innovation-in-manufacturing\"},\"wordCount\":812,\"publisher\":{\"@id\":\"https:\/\/www.augmentir.com\/#organization\"},\"image\":{\"@id\":\"https:\/\/www.augmentir.com\/blog\/augmentir-recognized-in-4-gartner-hype-cycles-for-digital-transformation-and-connected-worker-innovation-in-manufacturing#primaryimage\"},\"thumbnailUrl\":\"https:\/\/www.augmentir.com\/wp-content\/uploads\/2021\/08\/augmentir-recognized-in-gartner-hype-cycles-manufacturing-digital-transformation-2.png\",\"keywords\":[\"ai\",\"connected worker\",\"digital transformation\",\"gartner hype cycle\",\"innovation\",\"manufacturing\"],\"articleSection\":[\"Blog\"],\"inLanguage\":\"fr-FR\"},{\"@type\":\"WebPage\",\"@id\":\"https:\/\/www.augmentir.com\/blog\/augmentir-recognized-in-4-gartner-hype-cycles-for-digital-transformation-and-connected-worker-innovation-in-manufacturing\",\"url\":\"https:\/\/www.augmentir.com\/blog\/augmentir-recognized-in-4-gartner-hype-cycles-for-digital-transformation-and-connected-worker-innovation-in-manufacturing\",\"name\":\"Augmentir Recognized in 4 Gartner Hype Cycles for Digital Transformation and Connected Worker Innovation in Manufacturing - Augmentir\",\"isPartOf\":{\"@id\":\"https:\/\/www.augmentir.com\/#website\"},\"primaryImageOfPage\":{\"@id\":\"https:\/\/www.augmentir.com\/blog\/augmentir-recognized-in-4-gartner-hype-cycles-for-digital-transformation-and-connected-worker-innovation-in-manufacturing#primaryimage\"},\"image\":{\"@id\":\"https:\/\/www.augmentir.com\/blog\/augmentir-recognized-in-4-gartner-hype-cycles-for-digital-transformation-and-connected-worker-innovation-in-manufacturing#primaryimage\"},\"thumbnailUrl\":\"https:\/\/www.augmentir.com\/wp-content\/uploads\/2021\/08\/augmentir-recognized-in-gartner-hype-cycles-manufacturing-digital-transformation-2.png\",\"datePublished\":\"2021-08-13T00:54:00+00:00\",\"dateModified\":\"2023-12-18T17:52:42+00:00\",\"description\":\"Gartner Hype Cycle highlights Augmentir for connected worker solutions, digital transformation, and innovation in manufacturing.\",\"breadcrumb\":{\"@id\":\"https:\/\/www.augmentir.com\/blog\/augmentir-recognized-in-4-gartner-hype-cycles-for-digital-transformation-and-connected-worker-innovation-in-manufacturing#breadcrumb\"},\"inLanguage\":\"fr-FR\",\"potentialAction\":[{\"@type\":\"ReadAction\",\"target\":[\"https:\/\/www.augmentir.com\/blog\/augmentir-recognized-in-4-gartner-hype-cycles-for-digital-transformation-and-connected-worker-innovation-in-manufacturing\"]}]},{\"@type\":\"ImageObject\",\"inLanguage\":\"fr-FR\",\"@id\":\"https:\/\/www.augmentir.com\/blog\/augmentir-recognized-in-4-gartner-hype-cycles-for-digital-transformation-and-connected-worker-innovation-in-manufacturing#primaryimage\",\"url\":\"https:\/\/www.augmentir.com\/wp-content\/uploads\/2021\/08\/augmentir-recognized-in-gartner-hype-cycles-manufacturing-digital-transformation-2.png\",\"contentUrl\":\"https:\/\/www.augmentir.com\/wp-content\/uploads\/2021\/08\/augmentir-recognized-in-gartner-hype-cycles-manufacturing-digital-transformation-2.png\",\"width\":1200,\"height\":630,\"caption\":\"Augmentir recognized in Gartner Hype Cycle for Manufacturing Digital Transformation\"},{\"@type\":\"BreadcrumbList\",\"@id\":\"https:\/\/www.augmentir.com\/blog\/augmentir-recognized-in-4-gartner-hype-cycles-for-digital-transformation-and-connected-worker-innovation-in-manufacturing#breadcrumb\",\"itemListElement\":[{\"@type\":\"ListItem\",\"position\":1,\"name\":\"Home\",\"item\":\"https:\/\/www.augmentir.com\/\"},{\"@type\":\"ListItem\",\"position\":2,\"name\":\"Augmentir Recognized in 4 Gartner Hype Cycles for Digital Transformation and Connected Worker Innovation in Manufacturing\"}]},{\"@type\":\"WebSite\",\"@id\":\"https:\/\/www.augmentir.com\/#website\",\"url\":\"https:\/\/www.augmentir.com\/\",\"name\":\"Augmentir\",\"description\":\"AI-Powered Connected Worker Platform\",\"publisher\":{\"@id\":\"https:\/\/www.augmentir.com\/#organization\"},\"potentialAction\":[{\"@type\":\"SearchAction\",\"target\":{\"@type\":\"EntryPoint\",\"urlTemplate\":\"https:\/\/www.augmentir.com\/?s={search_term_string}\"},\"query-input\":{\"@type\":\"PropertyValueSpecification\",\"valueRequired\":true,\"valueName\":\"search_term_string\"}}],\"inLanguage\":\"fr-FR\"},{\"@type\":\"Organization\",\"@id\":\"https:\/\/www.augmentir.com\/#organization\",\"name\":\"Augmentir, Inc.\",\"url\":\"https:\/\/www.augmentir.com\/\",\"logo\":{\"@type\":\"ImageObject\",\"inLanguage\":\"fr-FR\",\"@id\":\"https:\/\/www.augmentir.com\/#\/schema\/logo\/image\/\",\"url\":\"https:\/\/www.augmentir.com\/wp-content\/uploads\/2021\/10\/Augmentir_Logo.svg\",\"contentUrl\":\"https:\/\/www.augmentir.com\/wp-content\/uploads\/2021\/10\/Augmentir_Logo.svg\",\"width\":\"1200\",\"height\":\"1200\",\"caption\":\"Augmentir, Inc.\"},\"image\":{\"@id\":\"https:\/\/www.augmentir.com\/#\/schema\/logo\/image\/\"},\"sameAs\":[\"https:\/\/x.com\/augmentir\",\"https:\/\/www.linkedin.com\/company\/augmentir\"]},{\"@type\":\"Person\",\"@id\":\"https:\/\/www.augmentir.com\/#\/schema\/person\/a873d3191dd1f8d87b6c61258e92d07b\",\"name\":\"Chris Kuntz\",\"image\":{\"@type\":\"ImageObject\",\"inLanguage\":\"fr-FR\",\"@id\":\"https:\/\/secure.gravatar.com\/avatar\/abd67359f51a3bbf443889279746e01267bf01e1ee2e6fb9106da36ad4ade3ed?s=96&d=mm&r=g\",\"url\":\"https:\/\/secure.gravatar.com\/avatar\/abd67359f51a3bbf443889279746e01267bf01e1ee2e6fb9106da36ad4ade3ed?s=96&d=mm&r=g\",\"contentUrl\":\"https:\/\/secure.gravatar.com\/avatar\/abd67359f51a3bbf443889279746e01267bf01e1ee2e6fb9106da36ad4ade3ed?s=96&d=mm&r=g\",\"caption\":\"Chris Kuntz\"},\"description\":\"Vice President of Strategic Operations Augmentir\",\"sameAs\":[\"https:\/\/www.augmentir.com\/author\/chris-kuntz\"],\"url\":\"https:\/\/www.augmentir.com\/fr\/author\/chris-kuntz\"}]}<\/script>\n<!-- \/ Yoast SEO plugin. -->","yoast_head_json":{"title":"Augmentir Recognized in 4 Gartner Hype Cycles for Digital Transformation and Connected Worker Innovation in Manufacturing - Augmentir","description":"Gartner Hype Cycle highlights Augmentir for connected worker solutions, digital transformation, and innovation in manufacturing.","robots":{"index":"index","follow":"follow","max-snippet":"max-snippet:-1","max-image-preview":"max-image-preview:large","max-video-preview":"max-video-preview:-1"},"canonical":"https:\/\/www.augmentir.com\/fr\/blog\/augmentir-recognized-in-4-gartner-hype-cycles-for-digital-transformation-and-connected-worker-innovation-in-manufacturing","og_locale":"fr_FR","og_type":"article","og_title":"Augmentir Recognized in 4 Gartner Hype Cycles for Digital Transformation and Connected Worker Innovation in Manufacturing - Augmentir","og_description":"Gartner Hype Cycle highlights Augmentir for connected worker solutions, digital transformation, and innovation in manufacturing.","og_url":"https:\/\/www.augmentir.com\/fr\/blog\/augmentir-recognized-in-4-gartner-hype-cycles-for-digital-transformation-and-connected-worker-innovation-in-manufacturing","og_site_name":"Augmentir","article_published_time":"2021-08-13T00:54:00+00:00","article_modified_time":"2023-12-18T17:52:42+00:00","og_image":[{"width":1200,"height":630,"url":"https:\/\/www.augmentir.com\/wp-content\/uploads\/2021\/08\/augmentir-recognized-in-gartner-hype-cycles-manufacturing-digital-transformation-2.png","type":"image\/png"}],"author":"Chris Kuntz","twitter_card":"summary_large_image","twitter_creator":"@augmentir","twitter_site":"@augmentir","schema":{"@context":"https:\/\/schema.org","@graph":[{"@type":"Article","@id":"https:\/\/www.augmentir.com\/blog\/augmentir-recognized-in-4-gartner-hype-cycles-for-digital-transformation-and-connected-worker-innovation-in-manufacturing#article","isPartOf":{"@id":"https:\/\/www.augmentir.com\/blog\/augmentir-recognized-in-4-gartner-hype-cycles-for-digital-transformation-and-connected-worker-innovation-in-manufacturing"},"author":{"name":"Chris Kuntz","@id":"https:\/\/www.augmentir.com\/#\/schema\/person\/a873d3191dd1f8d87b6c61258e92d07b"},"headline":"Augmentir Recognized in 4 Gartner Hype Cycles for Digital Transformation and Connected Worker Innovation in Manufacturing","datePublished":"2021-08-13T00:54:00+00:00","dateModified":"2023-12-18T17:52:42+00:00","mainEntityOfPage":{"@id":"https:\/\/www.augmentir.com\/blog\/augmentir-recognized-in-4-gartner-hype-cycles-for-digital-transformation-and-connected-worker-innovation-in-manufacturing"},"wordCount":812,"publisher":{"@id":"https:\/\/www.augmentir.com\/#organization"},"image":{"@id":"https:\/\/www.augmentir.com\/blog\/augmentir-recognized-in-4-gartner-hype-cycles-for-digital-transformation-and-connected-worker-innovation-in-manufacturing#primaryimage"},"thumbnailUrl":"https:\/\/www.augmentir.com\/wp-content\/uploads\/2021\/08\/augmentir-recognized-in-gartner-hype-cycles-manufacturing-digital-transformation-2.png","keywords":["ai","connected worker","digital transformation","gartner hype cycle","innovation","manufacturing"],"articleSection":["Blog"],"inLanguage":"fr-FR"},{"@type":"WebPage","@id":"https:\/\/www.augmentir.com\/blog\/augmentir-recognized-in-4-gartner-hype-cycles-for-digital-transformation-and-connected-worker-innovation-in-manufacturing","url":"https:\/\/www.augmentir.com\/blog\/augmentir-recognized-in-4-gartner-hype-cycles-for-digital-transformation-and-connected-worker-innovation-in-manufacturing","name":"Augmentir Recognized in 4 Gartner Hype Cycles for Digital Transformation and Connected Worker Innovation in Manufacturing - Augmentir","isPartOf":{"@id":"https:\/\/www.augmentir.com\/#website"},"primaryImageOfPage":{"@id":"https:\/\/www.augmentir.com\/blog\/augmentir-recognized-in-4-gartner-hype-cycles-for-digital-transformation-and-connected-worker-innovation-in-manufacturing#primaryimage"},"image":{"@id":"https:\/\/www.augmentir.com\/blog\/augmentir-recognized-in-4-gartner-hype-cycles-for-digital-transformation-and-connected-worker-innovation-in-manufacturing#primaryimage"},"thumbnailUrl":"https:\/\/www.augmentir.com\/wp-content\/uploads\/2021\/08\/augmentir-recognized-in-gartner-hype-cycles-manufacturing-digital-transformation-2.png","datePublished":"2021-08-13T00:54:00+00:00","dateModified":"2023-12-18T17:52:42+00:00","description":"Gartner Hype Cycle highlights Augmentir for connected worker solutions, digital transformation, and innovation in manufacturing.","breadcrumb":{"@id":"https:\/\/www.augmentir.com\/blog\/augmentir-recognized-in-4-gartner-hype-cycles-for-digital-transformation-and-connected-worker-innovation-in-manufacturing#breadcrumb"},"inLanguage":"fr-FR","potentialAction":[{"@type":"ReadAction","target":["https:\/\/www.augmentir.com\/blog\/augmentir-recognized-in-4-gartner-hype-cycles-for-digital-transformation-and-connected-worker-innovation-in-manufacturing"]}]},{"@type":"ImageObject","inLanguage":"fr-FR","@id":"https:\/\/www.augmentir.com\/blog\/augmentir-recognized-in-4-gartner-hype-cycles-for-digital-transformation-and-connected-worker-innovation-in-manufacturing#primaryimage","url":"https:\/\/www.augmentir.com\/wp-content\/uploads\/2021\/08\/augmentir-recognized-in-gartner-hype-cycles-manufacturing-digital-transformation-2.png","contentUrl":"https:\/\/www.augmentir.com\/wp-content\/uploads\/2021\/08\/augmentir-recognized-in-gartner-hype-cycles-manufacturing-digital-transformation-2.png","width":1200,"height":630,"caption":"Augmentir recognized in Gartner Hype Cycle for Manufacturing Digital Transformation"},{"@type":"BreadcrumbList","@id":"https:\/\/www.augmentir.com\/blog\/augmentir-recognized-in-4-gartner-hype-cycles-for-digital-transformation-and-connected-worker-innovation-in-manufacturing#breadcrumb","itemListElement":[{"@type":"ListItem","position":1,"name":"Home","item":"https:\/\/www.augmentir.com\/"},{"@type":"ListItem","position":2,"name":"Augmentir Recognized in 4 Gartner Hype Cycles for Digital Transformation and Connected Worker Innovation in Manufacturing"}]},{"@type":"WebSite","@id":"https:\/\/www.augmentir.com\/#website","url":"https:\/\/www.augmentir.com\/","name":"Augmentir","description":"AI-Powered Connected Worker Platform","publisher":{"@id":"https:\/\/www.augmentir.com\/#organization"},"potentialAction":[{"@type":"SearchAction","target":{"@type":"EntryPoint","urlTemplate":"https:\/\/www.augmentir.com\/?s={search_term_string}"},"query-input":{"@type":"PropertyValueSpecification","valueRequired":true,"valueName":"search_term_string"}}],"inLanguage":"fr-FR"},{"@type":"Organization","@id":"https:\/\/www.augmentir.com\/#organization","name":"Augmentir, Inc.","url":"https:\/\/www.augmentir.com\/","logo":{"@type":"ImageObject","inLanguage":"fr-FR","@id":"https:\/\/www.augmentir.com\/#\/schema\/logo\/image\/","url":"https:\/\/www.augmentir.com\/wp-content\/uploads\/2021\/10\/Augmentir_Logo.svg","contentUrl":"https:\/\/www.augmentir.com\/wp-content\/uploads\/2021\/10\/Augmentir_Logo.svg","width":"1200","height":"1200","caption":"Augmentir, Inc."},"image":{"@id":"https:\/\/www.augmentir.com\/#\/schema\/logo\/image\/"},"sameAs":["https:\/\/x.com\/augmentir","https:\/\/www.linkedin.com\/company\/augmentir"]},{"@type":"Person","@id":"https:\/\/www.augmentir.com\/#\/schema\/person\/a873d3191dd1f8d87b6c61258e92d07b","name":"Chris Kuntz","image":{"@type":"ImageObject","inLanguage":"fr-FR","@id":"https:\/\/secure.gravatar.com\/avatar\/abd67359f51a3bbf443889279746e01267bf01e1ee2e6fb9106da36ad4ade3ed?s=96&d=mm&r=g","url":"https:\/\/secure.gravatar.com\/avatar\/abd67359f51a3bbf443889279746e01267bf01e1ee2e6fb9106da36ad4ade3ed?s=96&d=mm&r=g","contentUrl":"https:\/\/secure.gravatar.com\/avatar\/abd67359f51a3bbf443889279746e01267bf01e1ee2e6fb9106da36ad4ade3ed?s=96&d=mm&r=g","caption":"Chris Kuntz"},"description":"Vice President of Strategic Operations Augmentir","sameAs":["https:\/\/www.augmentir.com\/author\/chris-kuntz"],"url":"https:\/\/www.augmentir.com\/fr\/author\/chris-kuntz"}]}},"modified_by":null,"_links":{"self":[{"href":"https:\/\/www.augmentir.com\/fr\/wp-json\/wp\/v2\/posts\/10527","targetHints":{"allow":["GET"]}}],"collection":[{"href":"https:\/\/www.augmentir.com\/fr\/wp-json\/wp\/v2\/posts"}],"about":[{"href":"https:\/\/www.augmentir.com\/fr\/wp-json\/wp\/v2\/types\/post"}],"author":[{"embeddable":true,"href":"https:\/\/www.augmentir.com\/fr\/wp-json\/wp\/v2\/users\/1"}],"replies":[{"embeddable":true,"href":"https:\/\/www.augmentir.com\/fr\/wp-json\/wp\/v2\/comments?post=10527"}],"version-history":[{"count":0,"href":"https:\/\/www.augmentir.com\/fr\/wp-json\/wp\/v2\/posts\/10527\/revisions"}],"wp:featuredmedia":[{"embeddable":true,"href":"https:\/\/www.augmentir.com\/fr\/wp-json\/wp\/v2\/media\/11628"}],"wp:attachment":[{"href":"https:\/\/www.augmentir.com\/fr\/wp-json\/wp\/v2\/media?parent=10527"}],"wp:term":[{"taxonomy":"category","embeddable":true,"href":"https:\/\/www.augmentir.com\/fr\/wp-json\/wp\/v2\/categories?post=10527"},{"taxonomy":"post_tag","embeddable":true,"href":"https:\/\/www.augmentir.com\/fr\/wp-json\/wp\/v2\/tags?post=10527"}],"curies":[{"name":"wp","href":"https:\/\/api.w.org\/{rel}","templated":true}]}}