{"id":10394,"date":"2021-06-16T18:38:00","date_gmt":"2021-06-16T18:38:00","guid":{"rendered":"https:\/\/augmentir.com\/?p=10394"},"modified":"2025-11-26T21:00:48","modified_gmt":"2025-11-26T21:00:48","slug":"augmentir-selected-as-innovator-to-watch-by-jff","status":"publish","type":"post","link":"https:\/\/www.augmentir.com\/fr\/blog\/augmentir-selected-as-innovator-to-watch-by-jff","title":{"rendered":"Augmentir s\u00e9lectionn\u00e9 comme \u00ab\u00a0Innovateurs \u00e0 surveiller\u00a0\u00bb par JFF"},"content":{"rendered":"<p id=\"viewer-81qpi\"><a href=\"http:\/\/jff.org\/\" target=\"_blank\" rel=\"noreferrer noopener\">Emplois d&#039;Avenir (JFF)<\/a> a s\u00e9lectionn\u00e9 Augmentir comme l&#039;un des 15 &quot;innovateurs \u00e0 surveiller&quot;, dans le cadre de son rapport de recherche <a href=\"https:\/\/www.jff.org\/what-we-do\/impact-stories\/jfflabs-acceleration\/learning-experience\/\" target=\"_blank\" rel=\"noreferrer noopener\"><u><em>Apprendre comme une exp\u00e9rience<\/em><\/u><\/a><em>.<\/em><\/p>\r\n<p><!-- \/wp:post-content --><\/p>\r\n<p><!-- wp:paragraph -->Selon JFF, ces &quot;innovateurs \u00e0 surveiller&quot; sont un groupe restreint d&#039;entreprises visionnaires qui sont \u00e0 la pointe des tendances du march\u00e9 et qui se distinguent des autres entreprises tourn\u00e9es vers l&#039;avenir par leur potentiel \u00e0 cr\u00e9er un impact social significatif et align\u00e9 sur les affaires. Ces entreprises offrent une innovation potentiellement transformatrice et sont dirig\u00e9es par des fondateurs et des \u00e9quipes inspirants en qui nous croyons.<\/p>\r\n<p><!-- \/wp:paragraph --><\/p>\r\n<p><!-- wp:paragraph --><\/p>\r\n<p id=\"viewer-5clbm\">Dans le <a href=\"https:\/\/www.jff.org\/what-we-do\/impact-stories\/jfflabs-acceleration\/learning-experience\/\" target=\"_blank\" rel=\"noreferrer noopener\"><u>rapport<\/u><\/a>, JFFLabs examine de plus pr\u00e8s l&#039;\u00e9volution du march\u00e9 de l&#039;\u00e9ducation et de la formation alternatives, en mettant l&#039;accent sur les solutions qui ont un \u00abimpact mesurable sur les salaires et les perspectives d&#039;emploi des travailleurs\u00bb. Les fournisseurs de programmes et les plateformes s\u00e9lectionn\u00e9s aident les employeurs \u00e0 d\u00e9velopper, former et retenir les travailleurs et constituent \u00abun \u00e9cosyst\u00e8me d&#039;opportunit\u00e9s vers lequel les travailleurs peuvent se tourner tout au long de leur carri\u00e8re alors qu&#039;ils empruntent de nouvelles voies dans une \u00e9conomie en constante \u00e9volution\u00bb.<\/p>\r\n<p><!-- \/wp:paragraph --><\/p>\r\n<p><!-- wp:paragraph -->Selon le rapport, \u00ab Augmentir se d\u00e9marque car il d\u00e9veloppe des solutions en pensant aux travailleurs de premi\u00e8re ligne et aux milieux industriels. \u00c0 une \u00e9poque de pr\u00e9occupation accrue concernant l&#039;automatisation \u00e9liminant des emplois industriels, Augmentir offre aux employeurs la possibilit\u00e9 d&#039;utiliser la technologie pour aider les travailleurs \u00e0 d\u00e9velopper les comp\u00e9tences dont ils ont besoin pour s&#039;adapter aux changements.<\/p>\r\n<p><!-- \/wp:paragraph --><\/p>\r\n<p><!-- wp:paragraph -->L&#039;entreprise structure son travail autour de l&#039;id\u00e9e cl\u00e9 de la variabilit\u00e9 des comp\u00e9tences plut\u00f4t que des lacunes en mati\u00e8re de comp\u00e9tences, en utilisant l&#039;intelligence artificielle (IA) et la technologie num\u00e9rique pour comprendre de mani\u00e8re holistique les comp\u00e9tences de chaque travailleur et en offrant aux employeurs des outils qui aident les travailleurs \u00e0 acqu\u00e9rir des comp\u00e9tences nouvelles ou plus avanc\u00e9es.<\/p>\r\n<p><!-- \/wp:paragraph --><\/p>\r\n<p><!-- wp:paragraph -->La <a href=\"https:\/\/www.augmentir.com\/product\">des produits<\/a> donner \u00e0 chaque travailleur un acc\u00e8s direct aux connaissances et aux informations dans des formats num\u00e9riques conviviaux. Les outils de l&#039;entreprise int\u00e8grent la formation dans les routines quotidiennes des travailleurs, et les employeurs peuvent utiliser la plateforme pour mettre continuellement \u00e0 jour le contenu de la formation afin de r\u00e9pondre aux besoins d&#039;apprentissage changeants des travailleurs. Et l&#039;approche d&#039;Augmentir consistant \u00e0 rechercher collectivement des connaissances aupr\u00e8s des individus travaillant sur le march\u00e9 du travail fait de l&#039;apprentissage une exp\u00e9rience sociale et augmente l&#039;engagement des apprenants en donnant aux travailleurs la possibilit\u00e9 de fa\u00e7onner le contenu de la formation.<\/p>\r\n<p><!-- \/wp:paragraph --><\/p>\r\n<p><!-- wp:paragraph --><\/p>\r\n<p id=\"viewer-5pe87\">Lis le <a href=\"https:\/\/www.jff.org\/what-we-do\/impact-stories\/jfflabs-acceleration\/learning-experience\/\" target=\"_blank\" rel=\"noreferrer noopener\"><u>rapport complet sur JFF.org<\/u><\/a>.<\/p>","protected":false},"excerpt":{"rendered":"<p>Jobs for the Future (JFF) a s\u00e9lectionn\u00e9 Augmentir comme l&#039;un des 15 &quot;innovateurs \u00e0 surveiller&quot;, dans le cadre de son rapport de recherche Learning as an Experience.<\/p>","protected":false},"author":1,"featured_media":10404,"comment_status":"closed","ping_status":"closed","sticky":false,"template":"","format":"standard","meta":{"inline_featured_image":false,"_lmt_disableupdate":"no","_lmt_disable":"","footnotes":""},"categories":[4],"tags":[],"class_list":["post-10394","post","type-post","status-publish","format-standard","has-post-thumbnail","hentry","category-blog"],"yoast_head":"<!-- This site is optimized with the Yoast SEO plugin v27.2 - https:\/\/yoast.com\/product\/yoast-seo-wordpress\/ -->\n<title>Augmentir Selected as &quot;Innovators to Watch&quot; by JFF - Augmentir<\/title>\n<meta name=\"description\" content=\"Jobs for the Future (JFF) has selected Augmentir as one of 15 &#039;Innovators to Watch&#039;, as part of their Learning as an Experience report .\" \/>\n<meta name=\"robots\" content=\"index, follow, max-snippet:-1, max-image-preview:large, max-video-preview:-1\" \/>\n<link rel=\"canonical\" href=\"https:\/\/www.augmentir.com\/fr\/blog\/augmentir-selected-as-innovator-to-watch-by-jff\" \/>\n<meta property=\"og:locale\" content=\"fr_FR\" \/>\n<meta property=\"og:type\" content=\"article\" \/>\n<meta property=\"og:title\" content=\"Augmentir Selected as &quot;Innovators to Watch&quot; by JFF - Augmentir\" \/>\n<meta property=\"og:description\" content=\"Jobs for the Future (JFF) has selected Augmentir as one of 15 &#039;Innovators to Watch&#039;, as part of their Learning as an Experience report .\" \/>\n<meta property=\"og:url\" content=\"https:\/\/www.augmentir.com\/fr\/blog\/augmentir-selected-as-innovator-to-watch-by-jff\" \/>\n<meta property=\"og:site_name\" content=\"Augmentir\" \/>\n<meta property=\"article:published_time\" content=\"2021-06-16T18:38:00+00:00\" \/>\n<meta property=\"article:modified_time\" content=\"2025-11-26T21:00:48+00:00\" \/>\n<meta property=\"og:image\" content=\"https:\/\/www.augmentir.com\/wp-content\/uploads\/2021\/07\/augmentir-innovator-to-watch-jff-marketscan-socialv4.jpg\" \/>\n\t<meta property=\"og:image:width\" content=\"1\" \/>\n\t<meta property=\"og:image:height\" content=\"1\" \/>\n\t<meta property=\"og:image:type\" content=\"image\/jpeg\" \/>\n<meta name=\"author\" content=\"Chris Kuntz\" \/>\n<meta name=\"twitter:card\" content=\"summary_large_image\" \/>\n<meta name=\"twitter:creator\" content=\"@augmentir\" \/>\n<meta name=\"twitter:site\" content=\"@augmentir\" \/>\n<script type=\"application\/ld+json\" class=\"yoast-schema-graph\">{\"@context\":\"https:\/\/schema.org\",\"@graph\":[{\"@type\":\"Article\",\"@id\":\"https:\/\/www.augmentir.com\/blog\/augmentir-selected-as-innovator-to-watch-by-jff#article\",\"isPartOf\":{\"@id\":\"https:\/\/www.augmentir.com\/blog\/augmentir-selected-as-innovator-to-watch-by-jff\"},\"author\":{\"name\":\"Chris Kuntz\",\"@id\":\"https:\/\/www.augmentir.com\/#\/schema\/person\/a873d3191dd1f8d87b6c61258e92d07b\"},\"headline\":\"Augmentir Selected as &#8220;Innovators to Watch&#8221; by JFF\",\"datePublished\":\"2021-06-16T18:38:00+00:00\",\"dateModified\":\"2025-11-26T21:00:48+00:00\",\"mainEntityOfPage\":{\"@id\":\"https:\/\/www.augmentir.com\/blog\/augmentir-selected-as-innovator-to-watch-by-jff\"},\"wordCount\":333,\"publisher\":{\"@id\":\"https:\/\/www.augmentir.com\/#organization\"},\"image\":{\"@id\":\"https:\/\/www.augmentir.com\/blog\/augmentir-selected-as-innovator-to-watch-by-jff#primaryimage\"},\"thumbnailUrl\":\"https:\/\/www.augmentir.com\/wp-content\/uploads\/2021\/07\/augmentir-innovator-to-watch-jff-marketscan-socialv4.jpg\",\"articleSection\":[\"Blog\"],\"inLanguage\":\"fr-FR\"},{\"@type\":\"WebPage\",\"@id\":\"https:\/\/www.augmentir.com\/blog\/augmentir-selected-as-innovator-to-watch-by-jff\",\"url\":\"https:\/\/www.augmentir.com\/blog\/augmentir-selected-as-innovator-to-watch-by-jff\",\"name\":\"Augmentir Selected as \\\"Innovators to Watch\\\" by JFF - Augmentir\",\"isPartOf\":{\"@id\":\"https:\/\/www.augmentir.com\/#website\"},\"primaryImageOfPage\":{\"@id\":\"https:\/\/www.augmentir.com\/blog\/augmentir-selected-as-innovator-to-watch-by-jff#primaryimage\"},\"image\":{\"@id\":\"https:\/\/www.augmentir.com\/blog\/augmentir-selected-as-innovator-to-watch-by-jff#primaryimage\"},\"thumbnailUrl\":\"https:\/\/www.augmentir.com\/wp-content\/uploads\/2021\/07\/augmentir-innovator-to-watch-jff-marketscan-socialv4.jpg\",\"datePublished\":\"2021-06-16T18:38:00+00:00\",\"dateModified\":\"2025-11-26T21:00:48+00:00\",\"description\":\"Jobs for the Future (JFF) has selected Augmentir as one of 15 'Innovators to Watch', as part of their Learning as an Experience report .\",\"breadcrumb\":{\"@id\":\"https:\/\/www.augmentir.com\/blog\/augmentir-selected-as-innovator-to-watch-by-jff#breadcrumb\"},\"inLanguage\":\"fr-FR\",\"potentialAction\":[{\"@type\":\"ReadAction\",\"target\":[\"https:\/\/www.augmentir.com\/blog\/augmentir-selected-as-innovator-to-watch-by-jff\"]}]},{\"@type\":\"ImageObject\",\"inLanguage\":\"fr-FR\",\"@id\":\"https:\/\/www.augmentir.com\/blog\/augmentir-selected-as-innovator-to-watch-by-jff#primaryimage\",\"url\":\"https:\/\/www.augmentir.com\/wp-content\/uploads\/2021\/07\/augmentir-innovator-to-watch-jff-marketscan-socialv4.jpg\",\"contentUrl\":\"https:\/\/www.augmentir.com\/wp-content\/uploads\/2021\/07\/augmentir-innovator-to-watch-jff-marketscan-socialv4.jpg\",\"caption\":\"Augmentir selected as Innovator to Watch - Jobs for the Future\"},{\"@type\":\"BreadcrumbList\",\"@id\":\"https:\/\/www.augmentir.com\/blog\/augmentir-selected-as-innovator-to-watch-by-jff#breadcrumb\",\"itemListElement\":[{\"@type\":\"ListItem\",\"position\":1,\"name\":\"Home\",\"item\":\"https:\/\/www.augmentir.com\/\"},{\"@type\":\"ListItem\",\"position\":2,\"name\":\"Augmentir Selected as &#8220;Innovators to Watch&#8221; by JFF\"}]},{\"@type\":\"WebSite\",\"@id\":\"https:\/\/www.augmentir.com\/#website\",\"url\":\"https:\/\/www.augmentir.com\/\",\"name\":\"Augmentir\",\"description\":\"AI-Powered Connected Worker Platform\",\"publisher\":{\"@id\":\"https:\/\/www.augmentir.com\/#organization\"},\"potentialAction\":[{\"@type\":\"SearchAction\",\"target\":{\"@type\":\"EntryPoint\",\"urlTemplate\":\"https:\/\/www.augmentir.com\/?s={search_term_string}\"},\"query-input\":{\"@type\":\"PropertyValueSpecification\",\"valueRequired\":true,\"valueName\":\"search_term_string\"}}],\"inLanguage\":\"fr-FR\"},{\"@type\":\"Organization\",\"@id\":\"https:\/\/www.augmentir.com\/#organization\",\"name\":\"Augmentir, Inc.\",\"url\":\"https:\/\/www.augmentir.com\/\",\"logo\":{\"@type\":\"ImageObject\",\"inLanguage\":\"fr-FR\",\"@id\":\"https:\/\/www.augmentir.com\/#\/schema\/logo\/image\/\",\"url\":\"https:\/\/www.augmentir.com\/wp-content\/uploads\/2021\/10\/Augmentir_Logo.svg\",\"contentUrl\":\"https:\/\/www.augmentir.com\/wp-content\/uploads\/2021\/10\/Augmentir_Logo.svg\",\"width\":\"1200\",\"height\":\"1200\",\"caption\":\"Augmentir, Inc.\"},\"image\":{\"@id\":\"https:\/\/www.augmentir.com\/#\/schema\/logo\/image\/\"},\"sameAs\":[\"https:\/\/x.com\/augmentir\",\"https:\/\/www.linkedin.com\/company\/augmentir\"]},{\"@type\":\"Person\",\"@id\":\"https:\/\/www.augmentir.com\/#\/schema\/person\/a873d3191dd1f8d87b6c61258e92d07b\",\"name\":\"Chris Kuntz\",\"image\":{\"@type\":\"ImageObject\",\"inLanguage\":\"fr-FR\",\"@id\":\"https:\/\/secure.gravatar.com\/avatar\/abd67359f51a3bbf443889279746e01267bf01e1ee2e6fb9106da36ad4ade3ed?s=96&d=mm&r=g\",\"url\":\"https:\/\/secure.gravatar.com\/avatar\/abd67359f51a3bbf443889279746e01267bf01e1ee2e6fb9106da36ad4ade3ed?s=96&d=mm&r=g\",\"contentUrl\":\"https:\/\/secure.gravatar.com\/avatar\/abd67359f51a3bbf443889279746e01267bf01e1ee2e6fb9106da36ad4ade3ed?s=96&d=mm&r=g\",\"caption\":\"Chris Kuntz\"},\"description\":\"Vice President of Strategic Operations Augmentir\",\"sameAs\":[\"https:\/\/www.augmentir.com\/author\/chris-kuntz\"],\"url\":\"https:\/\/www.augmentir.com\/fr\/author\/chris-kuntz\"}]}<\/script>\n<!-- \/ Yoast SEO plugin. -->","yoast_head_json":{"title":"Augmentir Selected as \"Innovators to Watch\" by JFF - Augmentir","description":"Jobs for the Future (JFF) has selected Augmentir as one of 15 'Innovators to Watch', as part of their Learning as an Experience report .","robots":{"index":"index","follow":"follow","max-snippet":"max-snippet:-1","max-image-preview":"max-image-preview:large","max-video-preview":"max-video-preview:-1"},"canonical":"https:\/\/www.augmentir.com\/fr\/blog\/augmentir-selected-as-innovator-to-watch-by-jff","og_locale":"fr_FR","og_type":"article","og_title":"Augmentir Selected as \"Innovators to Watch\" by JFF - Augmentir","og_description":"Jobs for the Future (JFF) has selected Augmentir as one of 15 'Innovators to Watch', as part of their Learning as an Experience report .","og_url":"https:\/\/www.augmentir.com\/fr\/blog\/augmentir-selected-as-innovator-to-watch-by-jff","og_site_name":"Augmentir","article_published_time":"2021-06-16T18:38:00+00:00","article_modified_time":"2025-11-26T21:00:48+00:00","og_image":[{"url":"https:\/\/www.augmentir.com\/wp-content\/uploads\/2021\/07\/augmentir-innovator-to-watch-jff-marketscan-socialv4.jpg","width":1,"height":1,"type":"image\/jpeg"}],"author":"Chris Kuntz","twitter_card":"summary_large_image","twitter_creator":"@augmentir","twitter_site":"@augmentir","schema":{"@context":"https:\/\/schema.org","@graph":[{"@type":"Article","@id":"https:\/\/www.augmentir.com\/blog\/augmentir-selected-as-innovator-to-watch-by-jff#article","isPartOf":{"@id":"https:\/\/www.augmentir.com\/blog\/augmentir-selected-as-innovator-to-watch-by-jff"},"author":{"name":"Chris Kuntz","@id":"https:\/\/www.augmentir.com\/#\/schema\/person\/a873d3191dd1f8d87b6c61258e92d07b"},"headline":"Augmentir Selected as &#8220;Innovators to Watch&#8221; by JFF","datePublished":"2021-06-16T18:38:00+00:00","dateModified":"2025-11-26T21:00:48+00:00","mainEntityOfPage":{"@id":"https:\/\/www.augmentir.com\/blog\/augmentir-selected-as-innovator-to-watch-by-jff"},"wordCount":333,"publisher":{"@id":"https:\/\/www.augmentir.com\/#organization"},"image":{"@id":"https:\/\/www.augmentir.com\/blog\/augmentir-selected-as-innovator-to-watch-by-jff#primaryimage"},"thumbnailUrl":"https:\/\/www.augmentir.com\/wp-content\/uploads\/2021\/07\/augmentir-innovator-to-watch-jff-marketscan-socialv4.jpg","articleSection":["Blog"],"inLanguage":"fr-FR"},{"@type":"WebPage","@id":"https:\/\/www.augmentir.com\/blog\/augmentir-selected-as-innovator-to-watch-by-jff","url":"https:\/\/www.augmentir.com\/blog\/augmentir-selected-as-innovator-to-watch-by-jff","name":"Augmentir Selected as \"Innovators to Watch\" by JFF - Augmentir","isPartOf":{"@id":"https:\/\/www.augmentir.com\/#website"},"primaryImageOfPage":{"@id":"https:\/\/www.augmentir.com\/blog\/augmentir-selected-as-innovator-to-watch-by-jff#primaryimage"},"image":{"@id":"https:\/\/www.augmentir.com\/blog\/augmentir-selected-as-innovator-to-watch-by-jff#primaryimage"},"thumbnailUrl":"https:\/\/www.augmentir.com\/wp-content\/uploads\/2021\/07\/augmentir-innovator-to-watch-jff-marketscan-socialv4.jpg","datePublished":"2021-06-16T18:38:00+00:00","dateModified":"2025-11-26T21:00:48+00:00","description":"Jobs for the Future (JFF) has selected Augmentir as one of 15 'Innovators to Watch', as part of their Learning as an Experience report .","breadcrumb":{"@id":"https:\/\/www.augmentir.com\/blog\/augmentir-selected-as-innovator-to-watch-by-jff#breadcrumb"},"inLanguage":"fr-FR","potentialAction":[{"@type":"ReadAction","target":["https:\/\/www.augmentir.com\/blog\/augmentir-selected-as-innovator-to-watch-by-jff"]}]},{"@type":"ImageObject","inLanguage":"fr-FR","@id":"https:\/\/www.augmentir.com\/blog\/augmentir-selected-as-innovator-to-watch-by-jff#primaryimage","url":"https:\/\/www.augmentir.com\/wp-content\/uploads\/2021\/07\/augmentir-innovator-to-watch-jff-marketscan-socialv4.jpg","contentUrl":"https:\/\/www.augmentir.com\/wp-content\/uploads\/2021\/07\/augmentir-innovator-to-watch-jff-marketscan-socialv4.jpg","caption":"Augmentir selected as Innovator to Watch - Jobs for the Future"},{"@type":"BreadcrumbList","@id":"https:\/\/www.augmentir.com\/blog\/augmentir-selected-as-innovator-to-watch-by-jff#breadcrumb","itemListElement":[{"@type":"ListItem","position":1,"name":"Home","item":"https:\/\/www.augmentir.com\/"},{"@type":"ListItem","position":2,"name":"Augmentir Selected as &#8220;Innovators to Watch&#8221; by JFF"}]},{"@type":"WebSite","@id":"https:\/\/www.augmentir.com\/#website","url":"https:\/\/www.augmentir.com\/","name":"Augmentir","description":"AI-Powered Connected Worker Platform","publisher":{"@id":"https:\/\/www.augmentir.com\/#organization"},"potentialAction":[{"@type":"SearchAction","target":{"@type":"EntryPoint","urlTemplate":"https:\/\/www.augmentir.com\/?s={search_term_string}"},"query-input":{"@type":"PropertyValueSpecification","valueRequired":true,"valueName":"search_term_string"}}],"inLanguage":"fr-FR"},{"@type":"Organization","@id":"https:\/\/www.augmentir.com\/#organization","name":"Augmentir, Inc.","url":"https:\/\/www.augmentir.com\/","logo":{"@type":"ImageObject","inLanguage":"fr-FR","@id":"https:\/\/www.augmentir.com\/#\/schema\/logo\/image\/","url":"https:\/\/www.augmentir.com\/wp-content\/uploads\/2021\/10\/Augmentir_Logo.svg","contentUrl":"https:\/\/www.augmentir.com\/wp-content\/uploads\/2021\/10\/Augmentir_Logo.svg","width":"1200","height":"1200","caption":"Augmentir, Inc."},"image":{"@id":"https:\/\/www.augmentir.com\/#\/schema\/logo\/image\/"},"sameAs":["https:\/\/x.com\/augmentir","https:\/\/www.linkedin.com\/company\/augmentir"]},{"@type":"Person","@id":"https:\/\/www.augmentir.com\/#\/schema\/person\/a873d3191dd1f8d87b6c61258e92d07b","name":"Chris Kuntz","image":{"@type":"ImageObject","inLanguage":"fr-FR","@id":"https:\/\/secure.gravatar.com\/avatar\/abd67359f51a3bbf443889279746e01267bf01e1ee2e6fb9106da36ad4ade3ed?s=96&d=mm&r=g","url":"https:\/\/secure.gravatar.com\/avatar\/abd67359f51a3bbf443889279746e01267bf01e1ee2e6fb9106da36ad4ade3ed?s=96&d=mm&r=g","contentUrl":"https:\/\/secure.gravatar.com\/avatar\/abd67359f51a3bbf443889279746e01267bf01e1ee2e6fb9106da36ad4ade3ed?s=96&d=mm&r=g","caption":"Chris Kuntz"},"description":"Vice President of Strategic Operations Augmentir","sameAs":["https:\/\/www.augmentir.com\/author\/chris-kuntz"],"url":"https:\/\/www.augmentir.com\/fr\/author\/chris-kuntz"}]}},"modified_by":"Chris Kuntz","_links":{"self":[{"href":"https:\/\/www.augmentir.com\/fr\/wp-json\/wp\/v2\/posts\/10394","targetHints":{"allow":["GET"]}}],"collection":[{"href":"https:\/\/www.augmentir.com\/fr\/wp-json\/wp\/v2\/posts"}],"about":[{"href":"https:\/\/www.augmentir.com\/fr\/wp-json\/wp\/v2\/types\/post"}],"author":[{"embeddable":true,"href":"https:\/\/www.augmentir.com\/fr\/wp-json\/wp\/v2\/users\/1"}],"replies":[{"embeddable":true,"href":"https:\/\/www.augmentir.com\/fr\/wp-json\/wp\/v2\/comments?post=10394"}],"version-history":[{"count":0,"href":"https:\/\/www.augmentir.com\/fr\/wp-json\/wp\/v2\/posts\/10394\/revisions"}],"wp:featuredmedia":[{"embeddable":true,"href":"https:\/\/www.augmentir.com\/fr\/wp-json\/wp\/v2\/media\/10404"}],"wp:attachment":[{"href":"https:\/\/www.augmentir.com\/fr\/wp-json\/wp\/v2\/media?parent=10394"}],"wp:term":[{"taxonomy":"category","embeddable":true,"href":"https:\/\/www.augmentir.com\/fr\/wp-json\/wp\/v2\/categories?post=10394"},{"taxonomy":"post_tag","embeddable":true,"href":"https:\/\/www.augmentir.com\/fr\/wp-json\/wp\/v2\/tags?post=10394"}],"curies":[{"name":"wp","href":"https:\/\/api.w.org\/{rel}","templated":true}]}}