{"id":10265,"date":"2021-06-03T15:31:54","date_gmt":"2021-06-03T15:31:54","guid":{"rendered":"https:\/\/augmentir.com\/?p=10265"},"modified":"2023-05-03T11:53:07","modified_gmt":"2023-05-03T11:53:07","slug":"accelerate-digital-transformation-with-a-connected-workforce","status":"publish","type":"post","link":"https:\/\/www.augmentir.com\/fr\/ebooks\/accelerate-digital-transformation-with-a-connected-workforce","title":{"rendered":"Acc\u00e9l\u00e9rez la transformation num\u00e9rique avec une main-d&#039;\u0153uvre connect\u00e9e"},"content":{"rendered":"<div id='ebook-main-section'  class='avia-section main_color avia-section-default avia-no-border-styling avia-bg-style-scroll  avia-builder-el-0  avia-builder-el-no-sibling   container_wrap sidebar_right' style=' '  ><div class='container' ><main  role=\"main\" itemprop=\"mainContentOfPage\"  class='template-page content  av-content-small alpha units'><div class='post-entry post-entry-type-page post-entry-10265'><div class='entry-content-wrapper clearfix'>\n<div class=\"flex_column av_one_half  av-break-at-tablet flex_column_div av-zero-column-padding first  avia-builder-el-1  el_before_av_one_half  avia-builder-el-first\" style='border-radius:0px; '><p><section class=\"av_textblock_section\"  itemscope=\"itemscope\" itemtype=\"https:\/\/schema.org\/BlogPosting\" itemprop=\"blogPost\" ><div class='avia_textblock eyebrow-headline av_inherit_color'  style='color:#222222; '  itemprop=\"text\" ><p>livre \u00e9lectronique<\/p>\n<\/div><\/section><br \/>\n<div  style='padding-bottom:20px; margin-top:30px; font-size:40px;' class='av-special-heading av-special-heading-h1  blockquote modern-quote  avia-builder-el-3  el_after_av_textblock  el_before_av_textblock  av-inherit-size'><h1 class='av-special-heading-tag'  itemprop=\"headline\"  >La transformation num\u00e9rique commence par une main-d&#039;\u0153uvre connect\u00e9e<\/h1><div class='special-heading-border'><div class='special-heading-inner-border' ><\/div><\/div><\/div><br \/>\n<section class=\"av_textblock_section\"  itemscope=\"itemscope\" itemtype=\"https:\/\/schema.org\/BlogPosting\" itemprop=\"blogPost\" ><div class='avia_textblock'   itemprop=\"text\" ><p>D\u00e9couvrez comment acc\u00e9l\u00e9rer vos efforts de transformation num\u00e9rique avec des solutions de travailleurs connect\u00e9s aliment\u00e9es par l&#039;IA.<\/p>\n<\/div><\/section><br \/>\n<div  class='avia-image-container  av-styling-    avia-builder-el-5  el_after_av_textblock  el_before_av_textblock  avia-align-center'  itemprop=\"image\" itemscope=\"itemscope\" itemtype=\"https:\/\/schema.org\/ImageObject\"  ><div class='avia-image-container-inner'><div class='avia-image-overlay-wrap'><img class='avia_image' src='https:\/\/www.augmentir.com\/wp-content\/uploads\/2021\/10\/augmentir-webinar.png' alt='' title='' height=\"630\" width=\"1200\"  itemprop=\"thumbnailUrl\"  \/><\/div><\/div><\/div><br \/>\n<section class=\"av_textblock_section  av-medium-hide av-small-hide av-mini-hide\"  itemscope=\"itemscope\" itemtype=\"https:\/\/schema.org\/BlogPosting\" itemprop=\"blogPost\" ><div class='avia_textblock'   itemprop=\"text\" ><p>La pand\u00e9mie mondiale a chang\u00e9 notre fa\u00e7on de travailler - et pour de nombreuses entreprises, le changement sera permanent.<\/p>\n<p>L&#039;impact de la COVID-19 et les changements ult\u00e9rieurs dans la mani\u00e8re dont les usines sont localis\u00e9es, dot\u00e9es en personnel, g\u00e9r\u00e9es et num\u00e9ris\u00e9es, et dans la mani\u00e8re dont les clients sont pris en charge, exercent une pression sur les responsables des op\u00e9rations.<\/p>\n<p>La collaboration et l&#039;acc\u00e8s \u00e0 des informations pr\u00e9cises restent essentiels pour les travailleurs de premi\u00e8re ligne pour aider \u00e0 r\u00e9soudre les probl\u00e8mes et augmenter la productivit\u00e9, mais de nombreux dirigeants sont d\u00e9sormais confront\u00e9s \u00e0 la r\u00e9alit\u00e9 d&#039;une main-d&#039;\u0153uvre distribu\u00e9e et distante. La plupart des travailleurs industriels sont des travailleurs de premi\u00e8re ligne ou sur le terrain, dont les t\u00e2ches quotidiennes exigent qu&#039;ils se pr\u00e9sentent physiquement \u00e0 leur travail. La plupart de ces emplois de premi\u00e8re ligne ne peuvent pas \u00eatre effectu\u00e9s \u00e0 distance, mais ces travailleurs ont toujours besoin d&#039;acc\u00e9der aux informations num\u00e9riques, aux conseils, \u00e0 la formation et au soutien, qui \u00e9taient auparavant fournis en personne.<\/p>\n<p>Les entreprises industrielles de toutes tailles donnent d\u00e9sormais la priorit\u00e9 \u00e0 leurs initiatives de transformation num\u00e9rique afin de maintenir les op\u00e9rations commerciales et la continuit\u00e9 des activit\u00e9s. Des technologies telles que l&#039;intelligence artificielle (IA) et la r\u00e9alit\u00e9 augment\u00e9e (RA) sont d\u00e9sormais au c\u0153ur du portefeuille d&#039;innovation d&#039;entreprise de tout chef d&#039;entreprise et cruciales pour acc\u00e9l\u00e9rer les efforts de transformation num\u00e9rique \u00e0 un moment o\u00f9 les entreprises en ont le plus besoin.<\/p>\n<p>Dans cet eBook gratuit, d\u00e9couvrez comment les solutions industrielles de travailleurs connect\u00e9s qui tirent parti de l&#039;IA et de la RA aident les entreprises \u00e0 acc\u00e9l\u00e9rer leurs efforts de transformation num\u00e9rique.<\/p>\n<\/div><\/section><\/p><\/div><div class=\"flex_column av_one_half  av-break-at-tablet flex_column_div   avia-builder-el-7  el_after_av_one_half  avia-builder-el-last  ebook-right-column\" style='padding:0px 0px 0px 30px ; border-radius:0px; '><p><section class=\"av_textblock_section  av-medium-hide av-small-hide av-mini-hide\"  itemscope=\"itemscope\" itemtype=\"https:\/\/schema.org\/BlogPosting\" itemprop=\"blogPost\" ><div class='avia_textblock eyebrow-headline av_inherit_color'  style='color:#ffffff; '  itemprop=\"text\" ><p>Obtenez votre eBook gratuit<\/p>\n<\/div><\/section><br \/>\n<div  style='padding-bottom:20px; margin-top:30px; color:#ffffff;font-size:32px;' class='av-special-heading av-special-heading-h2 custom-color-heading blockquote modern-quote  avia-builder-el-9  el_after_av_textblock  el_before_av_codeblock  av-inherit-size  av-medium-hide av-small-hide av-mini-hide'><h2 class='av-special-heading-tag'  itemprop=\"headline\"  >Acc\u00e9l\u00e9rez votre parcours num\u00e9rique avec une main-d&#039;\u0153uvre connect\u00e9e<\/h2><div class='special-heading-border'><div class='special-heading-inner-border' style='border-color:#ffffff'><\/div><\/div><\/div><br \/>\n<\/p><\/div><\/div><\/div><\/main><!-- close content main element --><\/div><\/div><div id='after_section_1'  class='main_color av_default_container_wrap container_wrap sidebar_right' style=' '  ><div class='container' ><div class='template-page content  av-content-small alpha units'><div class='post-entry post-entry-type-page post-entry-10265'><div class='entry-content-wrapper clearfix'>","protected":false},"excerpt":{"rendered":"<p>T\u00e9l\u00e9chargement Gratuit<\/p>","protected":false},"author":1,"featured_media":11437,"comment_status":"closed","ping_status":"closed","sticky":false,"template":"","format":"standard","meta":{"inline_featured_image":false,"_lmt_disableupdate":"no","_lmt_disable":"","footnotes":""},"categories":[37],"tags":[],"class_list":["post-10265","post","type-post","status-publish","format-standard","has-post-thumbnail","hentry","category-ebooks"],"yoast_head":"<!-- This site is optimized with the Yoast SEO plugin v27.2 - https:\/\/yoast.com\/product\/yoast-seo-wordpress\/ -->\n<title>Accelerate Digital Transformation with a Connected Workforce - Augmentir<\/title>\n<meta name=\"description\" content=\"In this free eBook, learn how industrial connected worker solutions that leverage AI and AR are helping companies accelerate their digital transformation efforts.\" \/>\n<meta name=\"robots\" content=\"index, follow, max-snippet:-1, max-image-preview:large, max-video-preview:-1\" \/>\n<link rel=\"canonical\" href=\"https:\/\/www.augmentir.com\/fr\/ebooks\/accelerate-digital-transformation-with-a-connected-workforce\" \/>\n<meta property=\"og:locale\" content=\"fr_FR\" \/>\n<meta property=\"og:type\" content=\"article\" \/>\n<meta property=\"og:title\" content=\"Accelerate Digital Transformation with a Connected Workforce - Augmentir\" \/>\n<meta property=\"og:description\" content=\"In this free eBook, learn how industrial connected worker solutions that leverage AI and AR are helping companies accelerate their digital transformation efforts.\" \/>\n<meta property=\"og:url\" content=\"https:\/\/www.augmentir.com\/fr\/ebooks\/accelerate-digital-transformation-with-a-connected-workforce\" \/>\n<meta property=\"og:site_name\" content=\"Augmentir\" \/>\n<meta property=\"article:published_time\" content=\"2021-06-03T15:31:54+00:00\" \/>\n<meta property=\"article:modified_time\" content=\"2023-05-03T11:53:07+00:00\" \/>\n<meta property=\"og:image\" content=\"https:\/\/www.augmentir.com\/wp-content\/uploads\/2021\/10\/augmentir-webinar.png\" \/>\n\t<meta property=\"og:image:width\" content=\"1200\" \/>\n\t<meta property=\"og:image:height\" content=\"630\" \/>\n\t<meta property=\"og:image:type\" content=\"image\/png\" \/>\n<meta name=\"author\" content=\"Chris Kuntz\" \/>\n<meta name=\"twitter:card\" content=\"summary_large_image\" \/>\n<meta name=\"twitter:creator\" content=\"@augmentir\" \/>\n<meta name=\"twitter:site\" content=\"@augmentir\" \/>\n<script type=\"application\/ld+json\" class=\"yoast-schema-graph\">{\"@context\":\"https:\/\/schema.org\",\"@graph\":[{\"@type\":\"Article\",\"@id\":\"https:\/\/www.augmentir.com\/ebooks\/accelerate-digital-transformation-with-a-connected-workforce#article\",\"isPartOf\":{\"@id\":\"https:\/\/www.augmentir.com\/ebooks\/accelerate-digital-transformation-with-a-connected-workforce\"},\"author\":{\"name\":\"Chris Kuntz\",\"@id\":\"https:\/\/www.augmentir.com\/#\/schema\/person\/a873d3191dd1f8d87b6c61258e92d07b\"},\"headline\":\"Accelerate Digital Transformation with a Connected Workforce\",\"datePublished\":\"2021-06-03T15:31:54+00:00\",\"dateModified\":\"2023-05-03T11:53:07+00:00\",\"mainEntityOfPage\":{\"@id\":\"https:\/\/www.augmentir.com\/ebooks\/accelerate-digital-transformation-with-a-connected-workforce\"},\"wordCount\":986,\"publisher\":{\"@id\":\"https:\/\/www.augmentir.com\/#organization\"},\"image\":{\"@id\":\"https:\/\/www.augmentir.com\/ebooks\/accelerate-digital-transformation-with-a-connected-workforce#primaryimage\"},\"thumbnailUrl\":\"https:\/\/www.augmentir.com\/wp-content\/uploads\/2021\/10\/augmentir-webinar.png\",\"articleSection\":[\"eBooks\"],\"inLanguage\":\"fr-FR\"},{\"@type\":\"WebPage\",\"@id\":\"https:\/\/www.augmentir.com\/ebooks\/accelerate-digital-transformation-with-a-connected-workforce\",\"url\":\"https:\/\/www.augmentir.com\/ebooks\/accelerate-digital-transformation-with-a-connected-workforce\",\"name\":\"Accelerate Digital Transformation with a Connected Workforce - Augmentir\",\"isPartOf\":{\"@id\":\"https:\/\/www.augmentir.com\/#website\"},\"primaryImageOfPage\":{\"@id\":\"https:\/\/www.augmentir.com\/ebooks\/accelerate-digital-transformation-with-a-connected-workforce#primaryimage\"},\"image\":{\"@id\":\"https:\/\/www.augmentir.com\/ebooks\/accelerate-digital-transformation-with-a-connected-workforce#primaryimage\"},\"thumbnailUrl\":\"https:\/\/www.augmentir.com\/wp-content\/uploads\/2021\/10\/augmentir-webinar.png\",\"datePublished\":\"2021-06-03T15:31:54+00:00\",\"dateModified\":\"2023-05-03T11:53:07+00:00\",\"description\":\"In this free eBook, learn how industrial connected worker solutions that leverage AI and AR are helping companies accelerate their digital transformation efforts.\",\"breadcrumb\":{\"@id\":\"https:\/\/www.augmentir.com\/ebooks\/accelerate-digital-transformation-with-a-connected-workforce#breadcrumb\"},\"inLanguage\":\"fr-FR\",\"potentialAction\":[{\"@type\":\"ReadAction\",\"target\":[\"https:\/\/www.augmentir.com\/ebooks\/accelerate-digital-transformation-with-a-connected-workforce\"]}]},{\"@type\":\"ImageObject\",\"inLanguage\":\"fr-FR\",\"@id\":\"https:\/\/www.augmentir.com\/ebooks\/accelerate-digital-transformation-with-a-connected-workforce#primaryimage\",\"url\":\"https:\/\/www.augmentir.com\/wp-content\/uploads\/2021\/10\/augmentir-webinar.png\",\"contentUrl\":\"https:\/\/www.augmentir.com\/wp-content\/uploads\/2021\/10\/augmentir-webinar.png\",\"width\":1200,\"height\":630},{\"@type\":\"BreadcrumbList\",\"@id\":\"https:\/\/www.augmentir.com\/ebooks\/accelerate-digital-transformation-with-a-connected-workforce#breadcrumb\",\"itemListElement\":[{\"@type\":\"ListItem\",\"position\":1,\"name\":\"Home\",\"item\":\"https:\/\/www.augmentir.com\/\"},{\"@type\":\"ListItem\",\"position\":2,\"name\":\"Accelerate Digital Transformation with a Connected Workforce\"}]},{\"@type\":\"WebSite\",\"@id\":\"https:\/\/www.augmentir.com\/#website\",\"url\":\"https:\/\/www.augmentir.com\/\",\"name\":\"Augmentir\",\"description\":\"AI-Powered Connected Worker Platform\",\"publisher\":{\"@id\":\"https:\/\/www.augmentir.com\/#organization\"},\"potentialAction\":[{\"@type\":\"SearchAction\",\"target\":{\"@type\":\"EntryPoint\",\"urlTemplate\":\"https:\/\/www.augmentir.com\/?s={search_term_string}\"},\"query-input\":{\"@type\":\"PropertyValueSpecification\",\"valueRequired\":true,\"valueName\":\"search_term_string\"}}],\"inLanguage\":\"fr-FR\"},{\"@type\":\"Organization\",\"@id\":\"https:\/\/www.augmentir.com\/#organization\",\"name\":\"Augmentir, Inc.\",\"url\":\"https:\/\/www.augmentir.com\/\",\"logo\":{\"@type\":\"ImageObject\",\"inLanguage\":\"fr-FR\",\"@id\":\"https:\/\/www.augmentir.com\/#\/schema\/logo\/image\/\",\"url\":\"https:\/\/www.augmentir.com\/wp-content\/uploads\/2021\/10\/Augmentir_Logo.svg\",\"contentUrl\":\"https:\/\/www.augmentir.com\/wp-content\/uploads\/2021\/10\/Augmentir_Logo.svg\",\"width\":\"1200\",\"height\":\"1200\",\"caption\":\"Augmentir, Inc.\"},\"image\":{\"@id\":\"https:\/\/www.augmentir.com\/#\/schema\/logo\/image\/\"},\"sameAs\":[\"https:\/\/x.com\/augmentir\",\"https:\/\/www.linkedin.com\/company\/augmentir\"]},{\"@type\":\"Person\",\"@id\":\"https:\/\/www.augmentir.com\/#\/schema\/person\/a873d3191dd1f8d87b6c61258e92d07b\",\"name\":\"Chris Kuntz\",\"image\":{\"@type\":\"ImageObject\",\"inLanguage\":\"fr-FR\",\"@id\":\"https:\/\/secure.gravatar.com\/avatar\/abd67359f51a3bbf443889279746e01267bf01e1ee2e6fb9106da36ad4ade3ed?s=96&d=mm&r=g\",\"url\":\"https:\/\/secure.gravatar.com\/avatar\/abd67359f51a3bbf443889279746e01267bf01e1ee2e6fb9106da36ad4ade3ed?s=96&d=mm&r=g\",\"contentUrl\":\"https:\/\/secure.gravatar.com\/avatar\/abd67359f51a3bbf443889279746e01267bf01e1ee2e6fb9106da36ad4ade3ed?s=96&d=mm&r=g\",\"caption\":\"Chris Kuntz\"},\"description\":\"Vice President of Strategic Operations Augmentir\",\"sameAs\":[\"https:\/\/www.augmentir.com\/author\/chris-kuntz\"],\"url\":\"https:\/\/www.augmentir.com\/fr\/author\/chris-kuntz\"}]}<\/script>\n<!-- \/ Yoast SEO plugin. -->","yoast_head_json":{"title":"Accelerate Digital Transformation with a Connected Workforce - Augmentir","description":"In this free eBook, learn how industrial connected worker solutions that leverage AI and AR are helping companies accelerate their digital transformation efforts.","robots":{"index":"index","follow":"follow","max-snippet":"max-snippet:-1","max-image-preview":"max-image-preview:large","max-video-preview":"max-video-preview:-1"},"canonical":"https:\/\/www.augmentir.com\/fr\/ebooks\/accelerate-digital-transformation-with-a-connected-workforce","og_locale":"fr_FR","og_type":"article","og_title":"Accelerate Digital Transformation with a Connected Workforce - Augmentir","og_description":"In this free eBook, learn how industrial connected worker solutions that leverage AI and AR are helping companies accelerate their digital transformation efforts.","og_url":"https:\/\/www.augmentir.com\/fr\/ebooks\/accelerate-digital-transformation-with-a-connected-workforce","og_site_name":"Augmentir","article_published_time":"2021-06-03T15:31:54+00:00","article_modified_time":"2023-05-03T11:53:07+00:00","og_image":[{"width":1200,"height":630,"url":"https:\/\/www.augmentir.com\/wp-content\/uploads\/2021\/10\/augmentir-webinar.png","type":"image\/png"}],"author":"Chris Kuntz","twitter_card":"summary_large_image","twitter_creator":"@augmentir","twitter_site":"@augmentir","schema":{"@context":"https:\/\/schema.org","@graph":[{"@type":"Article","@id":"https:\/\/www.augmentir.com\/ebooks\/accelerate-digital-transformation-with-a-connected-workforce#article","isPartOf":{"@id":"https:\/\/www.augmentir.com\/ebooks\/accelerate-digital-transformation-with-a-connected-workforce"},"author":{"name":"Chris Kuntz","@id":"https:\/\/www.augmentir.com\/#\/schema\/person\/a873d3191dd1f8d87b6c61258e92d07b"},"headline":"Accelerate Digital Transformation with a Connected Workforce","datePublished":"2021-06-03T15:31:54+00:00","dateModified":"2023-05-03T11:53:07+00:00","mainEntityOfPage":{"@id":"https:\/\/www.augmentir.com\/ebooks\/accelerate-digital-transformation-with-a-connected-workforce"},"wordCount":986,"publisher":{"@id":"https:\/\/www.augmentir.com\/#organization"},"image":{"@id":"https:\/\/www.augmentir.com\/ebooks\/accelerate-digital-transformation-with-a-connected-workforce#primaryimage"},"thumbnailUrl":"https:\/\/www.augmentir.com\/wp-content\/uploads\/2021\/10\/augmentir-webinar.png","articleSection":["eBooks"],"inLanguage":"fr-FR"},{"@type":"WebPage","@id":"https:\/\/www.augmentir.com\/ebooks\/accelerate-digital-transformation-with-a-connected-workforce","url":"https:\/\/www.augmentir.com\/ebooks\/accelerate-digital-transformation-with-a-connected-workforce","name":"Accelerate Digital Transformation with a Connected Workforce - Augmentir","isPartOf":{"@id":"https:\/\/www.augmentir.com\/#website"},"primaryImageOfPage":{"@id":"https:\/\/www.augmentir.com\/ebooks\/accelerate-digital-transformation-with-a-connected-workforce#primaryimage"},"image":{"@id":"https:\/\/www.augmentir.com\/ebooks\/accelerate-digital-transformation-with-a-connected-workforce#primaryimage"},"thumbnailUrl":"https:\/\/www.augmentir.com\/wp-content\/uploads\/2021\/10\/augmentir-webinar.png","datePublished":"2021-06-03T15:31:54+00:00","dateModified":"2023-05-03T11:53:07+00:00","description":"In this free eBook, learn how industrial connected worker solutions that leverage AI and AR are helping companies accelerate their digital transformation efforts.","breadcrumb":{"@id":"https:\/\/www.augmentir.com\/ebooks\/accelerate-digital-transformation-with-a-connected-workforce#breadcrumb"},"inLanguage":"fr-FR","potentialAction":[{"@type":"ReadAction","target":["https:\/\/www.augmentir.com\/ebooks\/accelerate-digital-transformation-with-a-connected-workforce"]}]},{"@type":"ImageObject","inLanguage":"fr-FR","@id":"https:\/\/www.augmentir.com\/ebooks\/accelerate-digital-transformation-with-a-connected-workforce#primaryimage","url":"https:\/\/www.augmentir.com\/wp-content\/uploads\/2021\/10\/augmentir-webinar.png","contentUrl":"https:\/\/www.augmentir.com\/wp-content\/uploads\/2021\/10\/augmentir-webinar.png","width":1200,"height":630},{"@type":"BreadcrumbList","@id":"https:\/\/www.augmentir.com\/ebooks\/accelerate-digital-transformation-with-a-connected-workforce#breadcrumb","itemListElement":[{"@type":"ListItem","position":1,"name":"Home","item":"https:\/\/www.augmentir.com\/"},{"@type":"ListItem","position":2,"name":"Accelerate Digital Transformation with a Connected Workforce"}]},{"@type":"WebSite","@id":"https:\/\/www.augmentir.com\/#website","url":"https:\/\/www.augmentir.com\/","name":"Augmentir","description":"AI-Powered Connected Worker Platform","publisher":{"@id":"https:\/\/www.augmentir.com\/#organization"},"potentialAction":[{"@type":"SearchAction","target":{"@type":"EntryPoint","urlTemplate":"https:\/\/www.augmentir.com\/?s={search_term_string}"},"query-input":{"@type":"PropertyValueSpecification","valueRequired":true,"valueName":"search_term_string"}}],"inLanguage":"fr-FR"},{"@type":"Organization","@id":"https:\/\/www.augmentir.com\/#organization","name":"Augmentir, Inc.","url":"https:\/\/www.augmentir.com\/","logo":{"@type":"ImageObject","inLanguage":"fr-FR","@id":"https:\/\/www.augmentir.com\/#\/schema\/logo\/image\/","url":"https:\/\/www.augmentir.com\/wp-content\/uploads\/2021\/10\/Augmentir_Logo.svg","contentUrl":"https:\/\/www.augmentir.com\/wp-content\/uploads\/2021\/10\/Augmentir_Logo.svg","width":"1200","height":"1200","caption":"Augmentir, Inc."},"image":{"@id":"https:\/\/www.augmentir.com\/#\/schema\/logo\/image\/"},"sameAs":["https:\/\/x.com\/augmentir","https:\/\/www.linkedin.com\/company\/augmentir"]},{"@type":"Person","@id":"https:\/\/www.augmentir.com\/#\/schema\/person\/a873d3191dd1f8d87b6c61258e92d07b","name":"Chris Kuntz","image":{"@type":"ImageObject","inLanguage":"fr-FR","@id":"https:\/\/secure.gravatar.com\/avatar\/abd67359f51a3bbf443889279746e01267bf01e1ee2e6fb9106da36ad4ade3ed?s=96&d=mm&r=g","url":"https:\/\/secure.gravatar.com\/avatar\/abd67359f51a3bbf443889279746e01267bf01e1ee2e6fb9106da36ad4ade3ed?s=96&d=mm&r=g","contentUrl":"https:\/\/secure.gravatar.com\/avatar\/abd67359f51a3bbf443889279746e01267bf01e1ee2e6fb9106da36ad4ade3ed?s=96&d=mm&r=g","caption":"Chris Kuntz"},"description":"Vice President of Strategic Operations Augmentir","sameAs":["https:\/\/www.augmentir.com\/author\/chris-kuntz"],"url":"https:\/\/www.augmentir.com\/fr\/author\/chris-kuntz"}]}},"modified_by":"Chris Kuntz","_links":{"self":[{"href":"https:\/\/www.augmentir.com\/fr\/wp-json\/wp\/v2\/posts\/10265","targetHints":{"allow":["GET"]}}],"collection":[{"href":"https:\/\/www.augmentir.com\/fr\/wp-json\/wp\/v2\/posts"}],"about":[{"href":"https:\/\/www.augmentir.com\/fr\/wp-json\/wp\/v2\/types\/post"}],"author":[{"embeddable":true,"href":"https:\/\/www.augmentir.com\/fr\/wp-json\/wp\/v2\/users\/1"}],"replies":[{"embeddable":true,"href":"https:\/\/www.augmentir.com\/fr\/wp-json\/wp\/v2\/comments?post=10265"}],"version-history":[{"count":0,"href":"https:\/\/www.augmentir.com\/fr\/wp-json\/wp\/v2\/posts\/10265\/revisions"}],"wp:featuredmedia":[{"embeddable":true,"href":"https:\/\/www.augmentir.com\/fr\/wp-json\/wp\/v2\/media\/11437"}],"wp:attachment":[{"href":"https:\/\/www.augmentir.com\/fr\/wp-json\/wp\/v2\/media?parent=10265"}],"wp:term":[{"taxonomy":"category","embeddable":true,"href":"https:\/\/www.augmentir.com\/fr\/wp-json\/wp\/v2\/categories?post=10265"},{"taxonomy":"post_tag","embeddable":true,"href":"https:\/\/www.augmentir.com\/fr\/wp-json\/wp\/v2\/tags?post=10265"}],"curies":[{"name":"wp","href":"https:\/\/api.w.org\/{rel}","templated":true}]}}