{"id":7960,"date":"2020-09-22T18:57:16","date_gmt":"2020-09-22T18:57:16","guid":{"rendered":"https:\/\/augmentir.com\/?p=7960"},"modified":"2023-03-07T01:59:34","modified_gmt":"2023-03-07T01:59:34","slug":"virtual-roundtable-how-connected-worker-technology-will-shape-the-future-of-industrial-transformation","status":"publish","type":"post","link":"https:\/\/www.augmentir.com\/es\/webinars\/virtual-roundtable-how-connected-worker-technology-will-shape-the-future-of-industrial-transformation","title":{"rendered":"Mesa redonda virtual: C\u00f3mo la tecnolog\u00eda del trabajador conectado moldear\u00e1 el futuro de la transformaci\u00f3n industrial"},"content":{"rendered":"<p>En l\u00ednea | A pedido<\/p>\r\n<p>Acomp\u00e1\u00f1enos en una mesa redonda virtual con expertos en transformaci\u00f3n industrial, donde debatir\u00e1n c\u00f3mo la tecnolog\u00eda para trabajadores conectados definir\u00e1 el futuro de la transformaci\u00f3n industrial en las empresas manufactureras y de servicios. Escucha a:<\/p>\r\n<ul>\r\n<li>Andy Lowery, cofundador y ex director ejecutivo de RealWear<\/li>\r\n<li>Andy Timm, fundador y director ejecutivo de CrucibleWorx<\/li>\r\n<li>Russ Fadel, cofundador y director ejecutivo de Augmentir<\/li>\r\n<\/ul>\r\n\r\n\r\n\r\n\r\n\r\n<p>Las empresas industriales siguen recurriendo a las tecnolog\u00edas digitales emergentes para equipar y capacitar a sus empleados con las herramientas y el conocimiento necesarios para alcanzar niveles m\u00e1s altos de seguridad, calidad y productividad en la nueva normalidad actual. Tecnolog\u00edas como los dispositivos m\u00f3viles y wearables, la realidad aumentada y mixta (RA\/RM) y la inteligencia artificial (IA) est\u00e1n ayudando a conectar a una nueva generaci\u00f3n de trabajadores y permitiendo a las organizaciones ofrecer de forma proactiva y continua el nivel adecuado de apoyo, orientaci\u00f3n y mejora.<\/p>\r\n<p>Sin embargo, a pesar de la promesa de nuevas tecnolog\u00edas, todav\u00eda se necesita un ecosistema coordinado y conectado de proveedores de tecnolog\u00eda y especialistas en soluciones para lograr la transformaci\u00f3n digital.<\/p>\r\n<p>En este seminario web, escuchar\u00e1 a un panel de expertos de la industria que compartir\u00e1n enfoques probados para lograr la transformaci\u00f3n digital para la fuerza laboral de primera l\u00ednea actual:<\/p>\r\n<ul>\r\n<li>C\u00f3mo la tecnolog\u00eda port\u00e1til ayuda a mejorar la productividad y garantizar la seguridad de una fuerza laboral conectada<\/li>\r\n<li>C\u00f3mo se utiliza la IA para optimizar el rendimiento de los trabajadores y descubrir oportunidades de mejora en toda la organizaci\u00f3n<\/li>\r\n<li>C\u00f3mo la orquestaci\u00f3n digital ayuda a ofrecer una soluci\u00f3n completa<\/li>\r\n<li>C\u00f3mo las plataformas de trabajadores conectados pueden servir como mercado para un ecosistema conectado<\/li>\r\n<\/ul>","protected":false},"excerpt":{"rendered":"<p>En l\u00ednea | A pedido<\/p>","protected":false},"author":11,"featured_media":7962,"comment_status":"closed","ping_status":"closed","sticky":false,"template":"","format":"standard","meta":{"inline_featured_image":false,"_lmt_disableupdate":"no","_lmt_disable":"","footnotes":""},"categories":[25],"tags":[],"class_list":["post-7960","post","type-post","status-publish","format-standard","has-post-thumbnail","hentry","category-webinars"],"yoast_head":"<!-- This site is optimized with the Yoast SEO plugin v27.2 - https:\/\/yoast.com\/product\/yoast-seo-wordpress\/ -->\n<title>Virtual Roundtable: How Connected Worker Technology will Shape the Future of Industrial Transformation - Augmentir<\/title>\n<meta name=\"description\" content=\"Join us for a live webinar on September 29th at 11am ET: How Connected Worker Technology will Shape the Future of Industrial Transformation\" \/>\n<meta name=\"robots\" content=\"index, follow, max-snippet:-1, max-image-preview:large, max-video-preview:-1\" \/>\n<link rel=\"canonical\" href=\"https:\/\/www.augmentir.com\/es\/webinars\/virtual-roundtable-how-connected-worker-technology-will-shape-the-future-of-industrial-transformation\" \/>\n<meta property=\"og:locale\" content=\"es_ES\" \/>\n<meta property=\"og:type\" content=\"article\" \/>\n<meta property=\"og:title\" content=\"Virtual Roundtable: How Connected Worker Technology will Shape the Future of Industrial Transformation - Augmentir\" \/>\n<meta property=\"og:description\" content=\"Join us for a live webinar on September 29th at 11am ET: How Connected Worker Technology will Shape the Future of Industrial Transformation\" \/>\n<meta property=\"og:url\" content=\"https:\/\/www.augmentir.com\/es\/webinars\/virtual-roundtable-how-connected-worker-technology-will-shape-the-future-of-industrial-transformation\" \/>\n<meta property=\"og:site_name\" content=\"Augmentir\" \/>\n<meta property=\"article:published_time\" content=\"2020-09-22T18:57:16+00:00\" \/>\n<meta property=\"article:modified_time\" content=\"2023-03-07T01:59:34+00:00\" \/>\n<meta property=\"og:image\" content=\"https:\/\/www.augmentir.com\/wp-content\/uploads\/2020\/09\/augmentir-sep29-webinar-website-banner.png\" \/>\n\t<meta property=\"og:image:width\" content=\"1\" \/>\n\t<meta property=\"og:image:height\" content=\"1\" \/>\n\t<meta property=\"og:image:type\" content=\"image\/png\" \/>\n<meta name=\"author\" content=\"Augmentir\" \/>\n<meta name=\"twitter:card\" content=\"summary_large_image\" \/>\n<meta name=\"twitter:creator\" content=\"@augmentir\" \/>\n<meta name=\"twitter:site\" content=\"@augmentir\" \/>\n<script type=\"application\/ld+json\" class=\"yoast-schema-graph\">{\"@context\":\"https:\/\/schema.org\",\"@graph\":[{\"@type\":\"Article\",\"@id\":\"https:\/\/www.augmentir.com\/webinars\/virtual-roundtable-how-connected-worker-technology-will-shape-the-future-of-industrial-transformation#article\",\"isPartOf\":{\"@id\":\"https:\/\/www.augmentir.com\/webinars\/virtual-roundtable-how-connected-worker-technology-will-shape-the-future-of-industrial-transformation\"},\"author\":{\"name\":\"Augmentir\",\"@id\":\"https:\/\/www.augmentir.com\/#\/schema\/person\/469b3d322f507108db1e2bf653cc052e\"},\"headline\":\"Virtual Roundtable: How Connected Worker Technology will Shape the Future of Industrial Transformation\",\"datePublished\":\"2020-09-22T18:57:16+00:00\",\"dateModified\":\"2023-03-07T01:59:34+00:00\",\"mainEntityOfPage\":{\"@id\":\"https:\/\/www.augmentir.com\/webinars\/virtual-roundtable-how-connected-worker-technology-will-shape-the-future-of-industrial-transformation\"},\"wordCount\":247,\"publisher\":{\"@id\":\"https:\/\/www.augmentir.com\/#organization\"},\"image\":{\"@id\":\"https:\/\/www.augmentir.com\/webinars\/virtual-roundtable-how-connected-worker-technology-will-shape-the-future-of-industrial-transformation#primaryimage\"},\"thumbnailUrl\":\"https:\/\/www.augmentir.com\/wp-content\/uploads\/2020\/09\/augmentir-sep29-webinar-website-banner.png\",\"articleSection\":[\"Webinars\"],\"inLanguage\":\"es\"},{\"@type\":\"WebPage\",\"@id\":\"https:\/\/www.augmentir.com\/webinars\/virtual-roundtable-how-connected-worker-technology-will-shape-the-future-of-industrial-transformation\",\"url\":\"https:\/\/www.augmentir.com\/webinars\/virtual-roundtable-how-connected-worker-technology-will-shape-the-future-of-industrial-transformation\",\"name\":\"Virtual Roundtable: How Connected Worker Technology will Shape the Future of Industrial Transformation - Augmentir\",\"isPartOf\":{\"@id\":\"https:\/\/www.augmentir.com\/#website\"},\"primaryImageOfPage\":{\"@id\":\"https:\/\/www.augmentir.com\/webinars\/virtual-roundtable-how-connected-worker-technology-will-shape-the-future-of-industrial-transformation#primaryimage\"},\"image\":{\"@id\":\"https:\/\/www.augmentir.com\/webinars\/virtual-roundtable-how-connected-worker-technology-will-shape-the-future-of-industrial-transformation#primaryimage\"},\"thumbnailUrl\":\"https:\/\/www.augmentir.com\/wp-content\/uploads\/2020\/09\/augmentir-sep29-webinar-website-banner.png\",\"datePublished\":\"2020-09-22T18:57:16+00:00\",\"dateModified\":\"2023-03-07T01:59:34+00:00\",\"description\":\"Join us for a live webinar on September 29th at 11am ET: How Connected Worker Technology will Shape the Future of Industrial Transformation\",\"breadcrumb\":{\"@id\":\"https:\/\/www.augmentir.com\/webinars\/virtual-roundtable-how-connected-worker-technology-will-shape-the-future-of-industrial-transformation#breadcrumb\"},\"inLanguage\":\"es\",\"potentialAction\":[{\"@type\":\"ReadAction\",\"target\":[\"https:\/\/www.augmentir.com\/webinars\/virtual-roundtable-how-connected-worker-technology-will-shape-the-future-of-industrial-transformation\"]}]},{\"@type\":\"ImageObject\",\"inLanguage\":\"es\",\"@id\":\"https:\/\/www.augmentir.com\/webinars\/virtual-roundtable-how-connected-worker-technology-will-shape-the-future-of-industrial-transformation#primaryimage\",\"url\":\"https:\/\/www.augmentir.com\/wp-content\/uploads\/2020\/09\/augmentir-sep29-webinar-website-banner.png\",\"contentUrl\":\"https:\/\/www.augmentir.com\/wp-content\/uploads\/2020\/09\/augmentir-sep29-webinar-website-banner.png\",\"caption\":\"virtual roundtable\"},{\"@type\":\"BreadcrumbList\",\"@id\":\"https:\/\/www.augmentir.com\/webinars\/virtual-roundtable-how-connected-worker-technology-will-shape-the-future-of-industrial-transformation#breadcrumb\",\"itemListElement\":[{\"@type\":\"ListItem\",\"position\":1,\"name\":\"Home\",\"item\":\"https:\/\/www.augmentir.com\/\"},{\"@type\":\"ListItem\",\"position\":2,\"name\":\"Virtual Roundtable: How Connected Worker Technology will Shape the Future of Industrial Transformation\"}]},{\"@type\":\"WebSite\",\"@id\":\"https:\/\/www.augmentir.com\/#website\",\"url\":\"https:\/\/www.augmentir.com\/\",\"name\":\"Augmentir\",\"description\":\"AI-Powered Connected Worker Platform\",\"publisher\":{\"@id\":\"https:\/\/www.augmentir.com\/#organization\"},\"potentialAction\":[{\"@type\":\"SearchAction\",\"target\":{\"@type\":\"EntryPoint\",\"urlTemplate\":\"https:\/\/www.augmentir.com\/?s={search_term_string}\"},\"query-input\":{\"@type\":\"PropertyValueSpecification\",\"valueRequired\":true,\"valueName\":\"search_term_string\"}}],\"inLanguage\":\"es\"},{\"@type\":\"Organization\",\"@id\":\"https:\/\/www.augmentir.com\/#organization\",\"name\":\"Augmentir, Inc.\",\"url\":\"https:\/\/www.augmentir.com\/\",\"logo\":{\"@type\":\"ImageObject\",\"inLanguage\":\"es\",\"@id\":\"https:\/\/www.augmentir.com\/#\/schema\/logo\/image\/\",\"url\":\"https:\/\/www.augmentir.com\/wp-content\/uploads\/2021\/10\/Augmentir_Logo.svg\",\"contentUrl\":\"https:\/\/www.augmentir.com\/wp-content\/uploads\/2021\/10\/Augmentir_Logo.svg\",\"width\":\"1200\",\"height\":\"1200\",\"caption\":\"Augmentir, Inc.\"},\"image\":{\"@id\":\"https:\/\/www.augmentir.com\/#\/schema\/logo\/image\/\"},\"sameAs\":[\"https:\/\/x.com\/augmentir\",\"https:\/\/www.linkedin.com\/company\/augmentir\"]},{\"@type\":\"Person\",\"@id\":\"https:\/\/www.augmentir.com\/#\/schema\/person\/469b3d322f507108db1e2bf653cc052e\",\"name\":\"Augmentir\",\"image\":{\"@type\":\"ImageObject\",\"inLanguage\":\"es\",\"@id\":\"https:\/\/www.augmentir.com\/wp-content\/uploads\/2025\/11\/augmentir-500x500-1-96x96.png\",\"url\":\"https:\/\/www.augmentir.com\/wp-content\/uploads\/2025\/11\/augmentir-500x500-1-96x96.png\",\"contentUrl\":\"https:\/\/www.augmentir.com\/wp-content\/uploads\/2025\/11\/augmentir-500x500-1-96x96.png\",\"caption\":\"Augmentir\"},\"description\":\"The Only Agentic AI Platform for Connected Work\",\"url\":\"https:\/\/www.augmentir.com\/es\/author\/augmentir\"}]}<\/script>\n<!-- \/ Yoast SEO plugin. -->","yoast_head_json":{"title":"Virtual Roundtable: How Connected Worker Technology will Shape the Future of Industrial Transformation - Augmentir","description":"Join us for a live webinar on September 29th at 11am ET: How Connected Worker Technology will Shape the Future of Industrial Transformation","robots":{"index":"index","follow":"follow","max-snippet":"max-snippet:-1","max-image-preview":"max-image-preview:large","max-video-preview":"max-video-preview:-1"},"canonical":"https:\/\/www.augmentir.com\/es\/webinars\/virtual-roundtable-how-connected-worker-technology-will-shape-the-future-of-industrial-transformation","og_locale":"es_ES","og_type":"article","og_title":"Virtual Roundtable: How Connected Worker Technology will Shape the Future of Industrial Transformation - Augmentir","og_description":"Join us for a live webinar on September 29th at 11am ET: How Connected Worker Technology will Shape the Future of Industrial Transformation","og_url":"https:\/\/www.augmentir.com\/es\/webinars\/virtual-roundtable-how-connected-worker-technology-will-shape-the-future-of-industrial-transformation","og_site_name":"Augmentir","article_published_time":"2020-09-22T18:57:16+00:00","article_modified_time":"2023-03-07T01:59:34+00:00","og_image":[{"url":"https:\/\/www.augmentir.com\/wp-content\/uploads\/2020\/09\/augmentir-sep29-webinar-website-banner.png","width":1,"height":1,"type":"image\/png"}],"author":"Augmentir","twitter_card":"summary_large_image","twitter_creator":"@augmentir","twitter_site":"@augmentir","schema":{"@context":"https:\/\/schema.org","@graph":[{"@type":"Article","@id":"https:\/\/www.augmentir.com\/webinars\/virtual-roundtable-how-connected-worker-technology-will-shape-the-future-of-industrial-transformation#article","isPartOf":{"@id":"https:\/\/www.augmentir.com\/webinars\/virtual-roundtable-how-connected-worker-technology-will-shape-the-future-of-industrial-transformation"},"author":{"name":"Augmentir","@id":"https:\/\/www.augmentir.com\/#\/schema\/person\/469b3d322f507108db1e2bf653cc052e"},"headline":"Virtual Roundtable: How Connected Worker Technology will Shape the Future of Industrial Transformation","datePublished":"2020-09-22T18:57:16+00:00","dateModified":"2023-03-07T01:59:34+00:00","mainEntityOfPage":{"@id":"https:\/\/www.augmentir.com\/webinars\/virtual-roundtable-how-connected-worker-technology-will-shape-the-future-of-industrial-transformation"},"wordCount":247,"publisher":{"@id":"https:\/\/www.augmentir.com\/#organization"},"image":{"@id":"https:\/\/www.augmentir.com\/webinars\/virtual-roundtable-how-connected-worker-technology-will-shape-the-future-of-industrial-transformation#primaryimage"},"thumbnailUrl":"https:\/\/www.augmentir.com\/wp-content\/uploads\/2020\/09\/augmentir-sep29-webinar-website-banner.png","articleSection":["Webinars"],"inLanguage":"es"},{"@type":"WebPage","@id":"https:\/\/www.augmentir.com\/webinars\/virtual-roundtable-how-connected-worker-technology-will-shape-the-future-of-industrial-transformation","url":"https:\/\/www.augmentir.com\/webinars\/virtual-roundtable-how-connected-worker-technology-will-shape-the-future-of-industrial-transformation","name":"Virtual Roundtable: How Connected Worker Technology will Shape the Future of Industrial Transformation - Augmentir","isPartOf":{"@id":"https:\/\/www.augmentir.com\/#website"},"primaryImageOfPage":{"@id":"https:\/\/www.augmentir.com\/webinars\/virtual-roundtable-how-connected-worker-technology-will-shape-the-future-of-industrial-transformation#primaryimage"},"image":{"@id":"https:\/\/www.augmentir.com\/webinars\/virtual-roundtable-how-connected-worker-technology-will-shape-the-future-of-industrial-transformation#primaryimage"},"thumbnailUrl":"https:\/\/www.augmentir.com\/wp-content\/uploads\/2020\/09\/augmentir-sep29-webinar-website-banner.png","datePublished":"2020-09-22T18:57:16+00:00","dateModified":"2023-03-07T01:59:34+00:00","description":"Join us for a live webinar on September 29th at 11am ET: How Connected Worker Technology will Shape the Future of Industrial Transformation","breadcrumb":{"@id":"https:\/\/www.augmentir.com\/webinars\/virtual-roundtable-how-connected-worker-technology-will-shape-the-future-of-industrial-transformation#breadcrumb"},"inLanguage":"es","potentialAction":[{"@type":"ReadAction","target":["https:\/\/www.augmentir.com\/webinars\/virtual-roundtable-how-connected-worker-technology-will-shape-the-future-of-industrial-transformation"]}]},{"@type":"ImageObject","inLanguage":"es","@id":"https:\/\/www.augmentir.com\/webinars\/virtual-roundtable-how-connected-worker-technology-will-shape-the-future-of-industrial-transformation#primaryimage","url":"https:\/\/www.augmentir.com\/wp-content\/uploads\/2020\/09\/augmentir-sep29-webinar-website-banner.png","contentUrl":"https:\/\/www.augmentir.com\/wp-content\/uploads\/2020\/09\/augmentir-sep29-webinar-website-banner.png","caption":"virtual roundtable"},{"@type":"BreadcrumbList","@id":"https:\/\/www.augmentir.com\/webinars\/virtual-roundtable-how-connected-worker-technology-will-shape-the-future-of-industrial-transformation#breadcrumb","itemListElement":[{"@type":"ListItem","position":1,"name":"Home","item":"https:\/\/www.augmentir.com\/"},{"@type":"ListItem","position":2,"name":"Virtual Roundtable: How Connected Worker Technology will Shape the Future of Industrial Transformation"}]},{"@type":"WebSite","@id":"https:\/\/www.augmentir.com\/#website","url":"https:\/\/www.augmentir.com\/","name":"Augmentir","description":"AI-Powered Connected Worker Platform","publisher":{"@id":"https:\/\/www.augmentir.com\/#organization"},"potentialAction":[{"@type":"SearchAction","target":{"@type":"EntryPoint","urlTemplate":"https:\/\/www.augmentir.com\/?s={search_term_string}"},"query-input":{"@type":"PropertyValueSpecification","valueRequired":true,"valueName":"search_term_string"}}],"inLanguage":"es"},{"@type":"Organization","@id":"https:\/\/www.augmentir.com\/#organization","name":"Augmentir, Inc.","url":"https:\/\/www.augmentir.com\/","logo":{"@type":"ImageObject","inLanguage":"es","@id":"https:\/\/www.augmentir.com\/#\/schema\/logo\/image\/","url":"https:\/\/www.augmentir.com\/wp-content\/uploads\/2021\/10\/Augmentir_Logo.svg","contentUrl":"https:\/\/www.augmentir.com\/wp-content\/uploads\/2021\/10\/Augmentir_Logo.svg","width":"1200","height":"1200","caption":"Augmentir, Inc."},"image":{"@id":"https:\/\/www.augmentir.com\/#\/schema\/logo\/image\/"},"sameAs":["https:\/\/x.com\/augmentir","https:\/\/www.linkedin.com\/company\/augmentir"]},{"@type":"Person","@id":"https:\/\/www.augmentir.com\/#\/schema\/person\/469b3d322f507108db1e2bf653cc052e","name":"Augmentir","image":{"@type":"ImageObject","inLanguage":"es","@id":"https:\/\/www.augmentir.com\/wp-content\/uploads\/2025\/11\/augmentir-500x500-1-96x96.png","url":"https:\/\/www.augmentir.com\/wp-content\/uploads\/2025\/11\/augmentir-500x500-1-96x96.png","contentUrl":"https:\/\/www.augmentir.com\/wp-content\/uploads\/2025\/11\/augmentir-500x500-1-96x96.png","caption":"Augmentir"},"description":"The Only Agentic AI Platform for Connected Work","url":"https:\/\/www.augmentir.com\/es\/author\/augmentir"}]}},"modified_by":"Chris Kuntz","_links":{"self":[{"href":"https:\/\/www.augmentir.com\/es\/wp-json\/wp\/v2\/posts\/7960","targetHints":{"allow":["GET"]}}],"collection":[{"href":"https:\/\/www.augmentir.com\/es\/wp-json\/wp\/v2\/posts"}],"about":[{"href":"https:\/\/www.augmentir.com\/es\/wp-json\/wp\/v2\/types\/post"}],"author":[{"embeddable":true,"href":"https:\/\/www.augmentir.com\/es\/wp-json\/wp\/v2\/users\/11"}],"replies":[{"embeddable":true,"href":"https:\/\/www.augmentir.com\/es\/wp-json\/wp\/v2\/comments?post=7960"}],"version-history":[{"count":0,"href":"https:\/\/www.augmentir.com\/es\/wp-json\/wp\/v2\/posts\/7960\/revisions"}],"wp:featuredmedia":[{"embeddable":true,"href":"https:\/\/www.augmentir.com\/es\/wp-json\/wp\/v2\/media\/7962"}],"wp:attachment":[{"href":"https:\/\/www.augmentir.com\/es\/wp-json\/wp\/v2\/media?parent=7960"}],"wp:term":[{"taxonomy":"category","embeddable":true,"href":"https:\/\/www.augmentir.com\/es\/wp-json\/wp\/v2\/categories?post=7960"},{"taxonomy":"post_tag","embeddable":true,"href":"https:\/\/www.augmentir.com\/es\/wp-json\/wp\/v2\/tags?post=7960"}],"curies":[{"name":"wp","href":"https:\/\/api.w.org\/{rel}","templated":true}]}}