{"id":7132,"date":"2020-05-10T20:16:00","date_gmt":"2020-05-10T20:16:00","guid":{"rendered":"https:\/\/augmentir.com\/?p=7132"},"modified":"2023-03-07T01:51:09","modified_gmt":"2023-03-07T01:51:09","slug":"asktheceo-podcast-why-ai-and-connected-worker-software-is-critical-in-a-post-covid-world","status":"publish","type":"post","link":"https:\/\/www.augmentir.com\/es\/podcasts\/asktheceo-podcast-why-ai-and-connected-worker-software-is-critical-in-a-post-covid-world","title":{"rendered":"Podcast #AskTheCEO: Por qu\u00e9 la IA y el software para trabajadores conectados son cruciales en el mundo pos-COVID"},"content":{"rendered":"<p>En este episodio de #AskTheCEO presentado por Avrohom Gottheil, el director ejecutivo de Augmentir, Russ Fadel, analizar\u00e1 los desaf\u00edos que enfrentan las organizaciones industriales debido al COVID-19 y c\u00f3mo la asociaci\u00f3n con Microsoft, el uso de Azure y Azure Marketplace ha ayudado a Augmentir a escalar y hacer crecer el negocio.<\/p>\n<h2>En este episodio discutiremos:<\/h2>\n<ul>\n<li>Desaf\u00edos que enfrentan las plantas de fabricaci\u00f3n y las operaciones industriales en el mundo actual pos-COVID<\/li>\n<li>C\u00f3mo la fabricaci\u00f3n aprovecha tecnolog\u00edas como la IA y la realidad virtual para ayudar a los empleados y, al mismo tiempo, respetar el distanciamiento social<\/li>\n<li>C\u00f3mo una planta de fabricaci\u00f3n puede utilizar Augmentir con Azure<\/li>\n<li>\u00bfC\u00f3mo ha ayudado la asociaci\u00f3n con Microsoft a Augmentir a escalar y hacer crecer su negocio?<\/li>\n<li>\u00a1Y m\u00e1s!<\/li>\n<\/ul>\n<div  class='avia-button-wrap avia-button-center  avia-builder-el-0  avia-builder-el-no-sibling' ><a href='https:\/\/www.youtube.com\/watch?v=KY7T149-ZLg&amp;feature=youtu.be'  class='avia-button   avia-icon_select-yes-left-icon avia-color-custom avia-size-large avia-position-center'  target=\"_blank\"  style='background-color:#FC704A; border-color:#FC704A; color:#ffffff; ' ><span class='avia_button_icon avia_button_icon_left' aria-hidden='true' data-av_icon='' data-av_iconfont='entypo-fontello'><\/span><span class='avia_iconbox_title' >Escucha el Podcast<\/span><\/a><\/div>","protected":false},"excerpt":{"rendered":"<p>En l\u00ednea | A pedido<\/p>","protected":false},"author":11,"featured_media":8873,"comment_status":"closed","ping_status":"closed","sticky":false,"template":"","format":"standard","meta":{"inline_featured_image":false,"_lmt_disableupdate":"no","_lmt_disable":"","footnotes":""},"categories":[38],"tags":[],"class_list":["post-7132","post","type-post","status-publish","format-standard","has-post-thumbnail","hentry","category-podcasts"],"yoast_head":"<!-- This site is optimized with the Yoast SEO plugin v27.2 - https:\/\/yoast.com\/product\/yoast-seo-wordpress\/ -->\n<title>#AskTheCEO Podcast: Why AI and Connected Worker Software is Critical in a Post-COVID World - Augmentir<\/title>\n<meta name=\"description\" content=\"Augmentir CEO Russ Fadel explains the challenges industrial organizations are facing due to COVID-19 and how partnering with Microsoft has helped business.\" \/>\n<meta name=\"robots\" content=\"index, follow, max-snippet:-1, max-image-preview:large, max-video-preview:-1\" \/>\n<link rel=\"canonical\" href=\"https:\/\/www.augmentir.com\/es\/podcasts\/asktheceo-podcast-why-ai-and-connected-worker-software-is-critical-in-a-post-covid-world\" \/>\n<meta property=\"og:locale\" content=\"es_ES\" \/>\n<meta property=\"og:type\" content=\"article\" \/>\n<meta property=\"og:title\" content=\"#AskTheCEO Podcast: Why AI and Connected Worker Software is Critical in a Post-COVID World - Augmentir\" \/>\n<meta property=\"og:description\" content=\"Augmentir CEO Russ Fadel explains the challenges industrial organizations are facing due to COVID-19 and how partnering with Microsoft has helped business.\" \/>\n<meta property=\"og:url\" content=\"https:\/\/www.augmentir.com\/es\/podcasts\/asktheceo-podcast-why-ai-and-connected-worker-software-is-critical-in-a-post-covid-world\" \/>\n<meta property=\"og:site_name\" content=\"Augmentir\" \/>\n<meta property=\"article:published_time\" content=\"2020-05-10T20:16:00+00:00\" \/>\n<meta property=\"article:modified_time\" content=\"2023-03-07T01:51:09+00:00\" \/>\n<meta property=\"og:image\" content=\"https:\/\/www.augmentir.com\/wp-content\/uploads\/2020\/05\/augmentir-podcast-asktheceo.png\" \/>\n\t<meta property=\"og:image:width\" content=\"1024\" \/>\n\t<meta property=\"og:image:height\" content=\"512\" \/>\n\t<meta property=\"og:image:type\" content=\"image\/png\" \/>\n<meta name=\"author\" content=\"Augmentir\" \/>\n<meta name=\"twitter:card\" content=\"summary_large_image\" \/>\n<meta name=\"twitter:creator\" content=\"@augmentir\" \/>\n<meta name=\"twitter:site\" content=\"@augmentir\" \/>\n<script type=\"application\/ld+json\" class=\"yoast-schema-graph\">{\"@context\":\"https:\/\/schema.org\",\"@graph\":[{\"@type\":\"Article\",\"@id\":\"https:\/\/www.augmentir.com\/podcasts\/asktheceo-podcast-why-ai-and-connected-worker-software-is-critical-in-a-post-covid-world#article\",\"isPartOf\":{\"@id\":\"https:\/\/www.augmentir.com\/podcasts\/asktheceo-podcast-why-ai-and-connected-worker-software-is-critical-in-a-post-covid-world\"},\"author\":{\"name\":\"Augmentir\",\"@id\":\"https:\/\/www.augmentir.com\/#\/schema\/person\/469b3d322f507108db1e2bf653cc052e\"},\"headline\":\"#AskTheCEO Podcast: Why AI and Connected Worker Software is Critical in a Post-COVID World\",\"datePublished\":\"2020-05-10T20:16:00+00:00\",\"dateModified\":\"2023-03-07T01:51:09+00:00\",\"mainEntityOfPage\":{\"@id\":\"https:\/\/www.augmentir.com\/podcasts\/asktheceo-podcast-why-ai-and-connected-worker-software-is-critical-in-a-post-covid-world\"},\"wordCount\":164,\"publisher\":{\"@id\":\"https:\/\/www.augmentir.com\/#organization\"},\"image\":{\"@id\":\"https:\/\/www.augmentir.com\/podcasts\/asktheceo-podcast-why-ai-and-connected-worker-software-is-critical-in-a-post-covid-world#primaryimage\"},\"thumbnailUrl\":\"https:\/\/www.augmentir.com\/wp-content\/uploads\/2020\/05\/augmentir-podcast-asktheceo.png\",\"articleSection\":[\"Podcasts\"],\"inLanguage\":\"es\"},{\"@type\":\"WebPage\",\"@id\":\"https:\/\/www.augmentir.com\/podcasts\/asktheceo-podcast-why-ai-and-connected-worker-software-is-critical-in-a-post-covid-world\",\"url\":\"https:\/\/www.augmentir.com\/podcasts\/asktheceo-podcast-why-ai-and-connected-worker-software-is-critical-in-a-post-covid-world\",\"name\":\"#AskTheCEO Podcast: Why AI and Connected Worker Software is Critical in a Post-COVID World - Augmentir\",\"isPartOf\":{\"@id\":\"https:\/\/www.augmentir.com\/#website\"},\"primaryImageOfPage\":{\"@id\":\"https:\/\/www.augmentir.com\/podcasts\/asktheceo-podcast-why-ai-and-connected-worker-software-is-critical-in-a-post-covid-world#primaryimage\"},\"image\":{\"@id\":\"https:\/\/www.augmentir.com\/podcasts\/asktheceo-podcast-why-ai-and-connected-worker-software-is-critical-in-a-post-covid-world#primaryimage\"},\"thumbnailUrl\":\"https:\/\/www.augmentir.com\/wp-content\/uploads\/2020\/05\/augmentir-podcast-asktheceo.png\",\"datePublished\":\"2020-05-10T20:16:00+00:00\",\"dateModified\":\"2023-03-07T01:51:09+00:00\",\"description\":\"Augmentir CEO Russ Fadel explains the challenges industrial organizations are facing due to COVID-19 and how partnering with Microsoft has helped business.\",\"breadcrumb\":{\"@id\":\"https:\/\/www.augmentir.com\/podcasts\/asktheceo-podcast-why-ai-and-connected-worker-software-is-critical-in-a-post-covid-world#breadcrumb\"},\"inLanguage\":\"es\",\"potentialAction\":[{\"@type\":\"ReadAction\",\"target\":[\"https:\/\/www.augmentir.com\/podcasts\/asktheceo-podcast-why-ai-and-connected-worker-software-is-critical-in-a-post-covid-world\"]}]},{\"@type\":\"ImageObject\",\"inLanguage\":\"es\",\"@id\":\"https:\/\/www.augmentir.com\/podcasts\/asktheceo-podcast-why-ai-and-connected-worker-software-is-critical-in-a-post-covid-world#primaryimage\",\"url\":\"https:\/\/www.augmentir.com\/wp-content\/uploads\/2020\/05\/augmentir-podcast-asktheceo.png\",\"contentUrl\":\"https:\/\/www.augmentir.com\/wp-content\/uploads\/2020\/05\/augmentir-podcast-asktheceo.png\",\"width\":1024,\"height\":512},{\"@type\":\"BreadcrumbList\",\"@id\":\"https:\/\/www.augmentir.com\/podcasts\/asktheceo-podcast-why-ai-and-connected-worker-software-is-critical-in-a-post-covid-world#breadcrumb\",\"itemListElement\":[{\"@type\":\"ListItem\",\"position\":1,\"name\":\"Home\",\"item\":\"https:\/\/www.augmentir.com\/\"},{\"@type\":\"ListItem\",\"position\":2,\"name\":\"#AskTheCEO Podcast: Why AI and Connected Worker Software is Critical in a Post-COVID World\"}]},{\"@type\":\"WebSite\",\"@id\":\"https:\/\/www.augmentir.com\/#website\",\"url\":\"https:\/\/www.augmentir.com\/\",\"name\":\"Augmentir\",\"description\":\"AI-Powered Connected Worker Platform\",\"publisher\":{\"@id\":\"https:\/\/www.augmentir.com\/#organization\"},\"potentialAction\":[{\"@type\":\"SearchAction\",\"target\":{\"@type\":\"EntryPoint\",\"urlTemplate\":\"https:\/\/www.augmentir.com\/?s={search_term_string}\"},\"query-input\":{\"@type\":\"PropertyValueSpecification\",\"valueRequired\":true,\"valueName\":\"search_term_string\"}}],\"inLanguage\":\"es\"},{\"@type\":\"Organization\",\"@id\":\"https:\/\/www.augmentir.com\/#organization\",\"name\":\"Augmentir, Inc.\",\"url\":\"https:\/\/www.augmentir.com\/\",\"logo\":{\"@type\":\"ImageObject\",\"inLanguage\":\"es\",\"@id\":\"https:\/\/www.augmentir.com\/#\/schema\/logo\/image\/\",\"url\":\"https:\/\/www.augmentir.com\/wp-content\/uploads\/2021\/10\/Augmentir_Logo.svg\",\"contentUrl\":\"https:\/\/www.augmentir.com\/wp-content\/uploads\/2021\/10\/Augmentir_Logo.svg\",\"width\":\"1200\",\"height\":\"1200\",\"caption\":\"Augmentir, Inc.\"},\"image\":{\"@id\":\"https:\/\/www.augmentir.com\/#\/schema\/logo\/image\/\"},\"sameAs\":[\"https:\/\/x.com\/augmentir\",\"https:\/\/www.linkedin.com\/company\/augmentir\"]},{\"@type\":\"Person\",\"@id\":\"https:\/\/www.augmentir.com\/#\/schema\/person\/469b3d322f507108db1e2bf653cc052e\",\"name\":\"Augmentir\",\"image\":{\"@type\":\"ImageObject\",\"inLanguage\":\"es\",\"@id\":\"https:\/\/www.augmentir.com\/wp-content\/uploads\/2025\/11\/augmentir-500x500-1-96x96.png\",\"url\":\"https:\/\/www.augmentir.com\/wp-content\/uploads\/2025\/11\/augmentir-500x500-1-96x96.png\",\"contentUrl\":\"https:\/\/www.augmentir.com\/wp-content\/uploads\/2025\/11\/augmentir-500x500-1-96x96.png\",\"caption\":\"Augmentir\"},\"description\":\"The Only Agentic AI Platform for Connected Work\",\"url\":\"https:\/\/www.augmentir.com\/es\/author\/augmentir\"}]}<\/script>\n<!-- \/ Yoast SEO plugin. -->","yoast_head_json":{"title":"#AskTheCEO Podcast: Why AI and Connected Worker Software is Critical in a Post-COVID World - Augmentir","description":"Augmentir CEO Russ Fadel explains the challenges industrial organizations are facing due to COVID-19 and how partnering with Microsoft has helped business.","robots":{"index":"index","follow":"follow","max-snippet":"max-snippet:-1","max-image-preview":"max-image-preview:large","max-video-preview":"max-video-preview:-1"},"canonical":"https:\/\/www.augmentir.com\/es\/podcasts\/asktheceo-podcast-why-ai-and-connected-worker-software-is-critical-in-a-post-covid-world","og_locale":"es_ES","og_type":"article","og_title":"#AskTheCEO Podcast: Why AI and Connected Worker Software is Critical in a Post-COVID World - Augmentir","og_description":"Augmentir CEO Russ Fadel explains the challenges industrial organizations are facing due to COVID-19 and how partnering with Microsoft has helped business.","og_url":"https:\/\/www.augmentir.com\/es\/podcasts\/asktheceo-podcast-why-ai-and-connected-worker-software-is-critical-in-a-post-covid-world","og_site_name":"Augmentir","article_published_time":"2020-05-10T20:16:00+00:00","article_modified_time":"2023-03-07T01:51:09+00:00","og_image":[{"width":1024,"height":512,"url":"https:\/\/www.augmentir.com\/wp-content\/uploads\/2020\/05\/augmentir-podcast-asktheceo.png","type":"image\/png"}],"author":"Augmentir","twitter_card":"summary_large_image","twitter_creator":"@augmentir","twitter_site":"@augmentir","schema":{"@context":"https:\/\/schema.org","@graph":[{"@type":"Article","@id":"https:\/\/www.augmentir.com\/podcasts\/asktheceo-podcast-why-ai-and-connected-worker-software-is-critical-in-a-post-covid-world#article","isPartOf":{"@id":"https:\/\/www.augmentir.com\/podcasts\/asktheceo-podcast-why-ai-and-connected-worker-software-is-critical-in-a-post-covid-world"},"author":{"name":"Augmentir","@id":"https:\/\/www.augmentir.com\/#\/schema\/person\/469b3d322f507108db1e2bf653cc052e"},"headline":"#AskTheCEO Podcast: Why AI and Connected Worker Software is Critical in a Post-COVID World","datePublished":"2020-05-10T20:16:00+00:00","dateModified":"2023-03-07T01:51:09+00:00","mainEntityOfPage":{"@id":"https:\/\/www.augmentir.com\/podcasts\/asktheceo-podcast-why-ai-and-connected-worker-software-is-critical-in-a-post-covid-world"},"wordCount":164,"publisher":{"@id":"https:\/\/www.augmentir.com\/#organization"},"image":{"@id":"https:\/\/www.augmentir.com\/podcasts\/asktheceo-podcast-why-ai-and-connected-worker-software-is-critical-in-a-post-covid-world#primaryimage"},"thumbnailUrl":"https:\/\/www.augmentir.com\/wp-content\/uploads\/2020\/05\/augmentir-podcast-asktheceo.png","articleSection":["Podcasts"],"inLanguage":"es"},{"@type":"WebPage","@id":"https:\/\/www.augmentir.com\/podcasts\/asktheceo-podcast-why-ai-and-connected-worker-software-is-critical-in-a-post-covid-world","url":"https:\/\/www.augmentir.com\/podcasts\/asktheceo-podcast-why-ai-and-connected-worker-software-is-critical-in-a-post-covid-world","name":"#AskTheCEO Podcast: Why AI and Connected Worker Software is Critical in a Post-COVID World - Augmentir","isPartOf":{"@id":"https:\/\/www.augmentir.com\/#website"},"primaryImageOfPage":{"@id":"https:\/\/www.augmentir.com\/podcasts\/asktheceo-podcast-why-ai-and-connected-worker-software-is-critical-in-a-post-covid-world#primaryimage"},"image":{"@id":"https:\/\/www.augmentir.com\/podcasts\/asktheceo-podcast-why-ai-and-connected-worker-software-is-critical-in-a-post-covid-world#primaryimage"},"thumbnailUrl":"https:\/\/www.augmentir.com\/wp-content\/uploads\/2020\/05\/augmentir-podcast-asktheceo.png","datePublished":"2020-05-10T20:16:00+00:00","dateModified":"2023-03-07T01:51:09+00:00","description":"Augmentir CEO Russ Fadel explains the challenges industrial organizations are facing due to COVID-19 and how partnering with Microsoft has helped business.","breadcrumb":{"@id":"https:\/\/www.augmentir.com\/podcasts\/asktheceo-podcast-why-ai-and-connected-worker-software-is-critical-in-a-post-covid-world#breadcrumb"},"inLanguage":"es","potentialAction":[{"@type":"ReadAction","target":["https:\/\/www.augmentir.com\/podcasts\/asktheceo-podcast-why-ai-and-connected-worker-software-is-critical-in-a-post-covid-world"]}]},{"@type":"ImageObject","inLanguage":"es","@id":"https:\/\/www.augmentir.com\/podcasts\/asktheceo-podcast-why-ai-and-connected-worker-software-is-critical-in-a-post-covid-world#primaryimage","url":"https:\/\/www.augmentir.com\/wp-content\/uploads\/2020\/05\/augmentir-podcast-asktheceo.png","contentUrl":"https:\/\/www.augmentir.com\/wp-content\/uploads\/2020\/05\/augmentir-podcast-asktheceo.png","width":1024,"height":512},{"@type":"BreadcrumbList","@id":"https:\/\/www.augmentir.com\/podcasts\/asktheceo-podcast-why-ai-and-connected-worker-software-is-critical-in-a-post-covid-world#breadcrumb","itemListElement":[{"@type":"ListItem","position":1,"name":"Home","item":"https:\/\/www.augmentir.com\/"},{"@type":"ListItem","position":2,"name":"#AskTheCEO Podcast: Why AI and Connected Worker Software is Critical in a Post-COVID World"}]},{"@type":"WebSite","@id":"https:\/\/www.augmentir.com\/#website","url":"https:\/\/www.augmentir.com\/","name":"Augmentir","description":"AI-Powered Connected Worker Platform","publisher":{"@id":"https:\/\/www.augmentir.com\/#organization"},"potentialAction":[{"@type":"SearchAction","target":{"@type":"EntryPoint","urlTemplate":"https:\/\/www.augmentir.com\/?s={search_term_string}"},"query-input":{"@type":"PropertyValueSpecification","valueRequired":true,"valueName":"search_term_string"}}],"inLanguage":"es"},{"@type":"Organization","@id":"https:\/\/www.augmentir.com\/#organization","name":"Augmentir, Inc.","url":"https:\/\/www.augmentir.com\/","logo":{"@type":"ImageObject","inLanguage":"es","@id":"https:\/\/www.augmentir.com\/#\/schema\/logo\/image\/","url":"https:\/\/www.augmentir.com\/wp-content\/uploads\/2021\/10\/Augmentir_Logo.svg","contentUrl":"https:\/\/www.augmentir.com\/wp-content\/uploads\/2021\/10\/Augmentir_Logo.svg","width":"1200","height":"1200","caption":"Augmentir, Inc."},"image":{"@id":"https:\/\/www.augmentir.com\/#\/schema\/logo\/image\/"},"sameAs":["https:\/\/x.com\/augmentir","https:\/\/www.linkedin.com\/company\/augmentir"]},{"@type":"Person","@id":"https:\/\/www.augmentir.com\/#\/schema\/person\/469b3d322f507108db1e2bf653cc052e","name":"Augmentir","image":{"@type":"ImageObject","inLanguage":"es","@id":"https:\/\/www.augmentir.com\/wp-content\/uploads\/2025\/11\/augmentir-500x500-1-96x96.png","url":"https:\/\/www.augmentir.com\/wp-content\/uploads\/2025\/11\/augmentir-500x500-1-96x96.png","contentUrl":"https:\/\/www.augmentir.com\/wp-content\/uploads\/2025\/11\/augmentir-500x500-1-96x96.png","caption":"Augmentir"},"description":"The Only Agentic AI Platform for Connected Work","url":"https:\/\/www.augmentir.com\/es\/author\/augmentir"}]}},"modified_by":"Chris Kuntz","_links":{"self":[{"href":"https:\/\/www.augmentir.com\/es\/wp-json\/wp\/v2\/posts\/7132","targetHints":{"allow":["GET"]}}],"collection":[{"href":"https:\/\/www.augmentir.com\/es\/wp-json\/wp\/v2\/posts"}],"about":[{"href":"https:\/\/www.augmentir.com\/es\/wp-json\/wp\/v2\/types\/post"}],"author":[{"embeddable":true,"href":"https:\/\/www.augmentir.com\/es\/wp-json\/wp\/v2\/users\/11"}],"replies":[{"embeddable":true,"href":"https:\/\/www.augmentir.com\/es\/wp-json\/wp\/v2\/comments?post=7132"}],"version-history":[{"count":0,"href":"https:\/\/www.augmentir.com\/es\/wp-json\/wp\/v2\/posts\/7132\/revisions"}],"wp:featuredmedia":[{"embeddable":true,"href":"https:\/\/www.augmentir.com\/es\/wp-json\/wp\/v2\/media\/8873"}],"wp:attachment":[{"href":"https:\/\/www.augmentir.com\/es\/wp-json\/wp\/v2\/media?parent=7132"}],"wp:term":[{"taxonomy":"category","embeddable":true,"href":"https:\/\/www.augmentir.com\/es\/wp-json\/wp\/v2\/categories?post=7132"},{"taxonomy":"post_tag","embeddable":true,"href":"https:\/\/www.augmentir.com\/es\/wp-json\/wp\/v2\/tags?post=7132"}],"curies":[{"name":"wp","href":"https:\/\/api.w.org\/{rel}","templated":true}]}}