{"id":3951,"date":"2019-07-18T17:01:26","date_gmt":"2019-07-18T17:01:26","guid":{"rendered":"https:\/\/augmentir.com\/?p=3951"},"modified":"2025-11-27T02:14:48","modified_gmt":"2025-11-27T02:14:48","slug":"a-letter-from-the-ceo-augmentir-closes-funding-round-to-accelerate-expansion","status":"publish","type":"post","link":"https:\/\/www.augmentir.com\/es\/blog\/a-letter-from-the-ceo-augmentir-closes-funding-round-to-accelerate-expansion","title":{"rendered":"Carta del CEO: Augmentir cierra una ronda de financiaci\u00f3n para acelerar la expansi\u00f3n de la IA"},"content":{"rendered":"<a href=\"https:\/\/www.augmentir.com\/wp-content\/uploads\/2019\/07\/WP-Blog-Header.jpg\"><img decoding=\"async\" class=\"alignnone wp-image-3960\" title=\"Carta del CEO: Augmentir cierra una ronda de financiaci\u00f3n para acelerar su expansi\u00f3n\" src=\"https:\/\/www.augmentir.com\/wp-content\/uploads\/2019\/07\/WP-Blog-Header-300x150.jpg\" alt=\"RA e IA\" width=\"1063\" height=\"531\" srcset=\"https:\/\/www.augmentir.com\/wp-content\/uploads\/2019\/07\/WP-Blog-Header-300x150.jpg 300w, https:\/\/www.augmentir.com\/wp-content\/uploads\/2019\/07\/WP-Blog-Header-768x384.jpg 768w, https:\/\/www.augmentir.com\/wp-content\/uploads\/2019\/07\/WP-Blog-Header-600x300.jpg 600w, https:\/\/www.augmentir.com\/wp-content\/uploads\/2019\/07\/WP-Blog-Header.jpg 1000w\" sizes=\"(max-width: 1063px) 100vw, 1063px\" \/><\/a>\r\nEstimados clientes y amigos de Augmentir: una nota sobre la financiaci\u00f3n de Augmentir y la expansi\u00f3n de la IA. Esta semana <a href=\"https:\/\/www.prnewswire.com\/news-releases\/augmentir-exits-stealth-and-closes-oversubscribed-funding-round-to-help-transform-the-frontline-workforce-with-its-ai-based-augmented-worker-platform-300885460.html\">Anunciamos que cerramos una ronda de financiaci\u00f3n con exceso de oferta.<\/a> que respaldar\u00e1 la misi\u00f3n de Augmentir de transformar la fuerza laboral de primera l\u00ednea con nuestra Plataforma de Trabajadores Aumentados basada en IA. Esta ronda fue liderada por la firma l\u00edder de capital riesgo Pritzker Group Venture Capital, con la participaci\u00f3n de Lerer Hippeau, nuestros inversores actuales, y HOLT Ventures, la rama estrat\u00e9gica de capital riesgo de HOLT CAT. El cierre exitoso de esta ronda de financiaci\u00f3n no solo valida a\u00fan m\u00e1s Augmentir y nuestro enfoque \u00fanico de usar IA y RA para apoyar a los trabajadores de primera l\u00ednea, sino que tambi\u00e9n nos permite expandir nuestra presencia global, aumentar a\u00fan m\u00e1s la funcionalidad de la plataforma y hacerla a\u00fan m\u00e1s accesible para empresas de todos los tama\u00f1os. Junto con nuestros inversores y socios, esperamos llegar a a\u00fan m\u00e1s empresas, m\u00e1s trabajadores y m\u00e1s innovadores, a la vez que definimos el futuro del trabajo. Con una trayectoria \u00fanica y probada que incluye esfuerzos fundadores en Wonderware, Lighthammer y ThingWorx, nuestro equipo ejecutivo cuenta con la experiencia inigualable en el dominio para ofrecer la pr\u00f3xima innovaci\u00f3n de software que revolucionar\u00e1 el mercado manufacturero e industrial y dar\u00e1 forma a la fuerza laboral de primera l\u00ednea del futuro. Nos entusiasma continuar este viaje con usted para apoyar a su equipo de primera l\u00ednea con procedimientos mejorados y ayudar a su organizaci\u00f3n a impulsar la mejora continua mediante informaci\u00f3n basada en IA. \u00a1Gracias! Atentamente, Russ Fadel, CEO de Augmentir\r\n\r\n<div  class='avia-button-wrap avia-button-center  avia-builder-el-0  avia-builder-el-no-sibling' ><a href='\/news\/augmentir-closes-funding-to-help-transform-the-frontline-workforce-with-its-ai-based-augmented-worker-platform'  class='avia-button   avia-icon_select-yes-left-icon avia-color-custom avia-size-large avia-position-center'  target=\"_blank\"  style='background-color:#4a90e2; border-color:#4a90e2; color:#ffffff; ' ><span class='avia_button_icon avia_button_icon_left' aria-hidden='true' data-av_icon='' data-av_iconfont='entypo-fontello'><\/span><span class='avia_iconbox_title' >Lea el comunicado de prensa<\/span><\/a><\/div>\r\n<h2>Acerca de Augmentir<\/h2>\r\nAugmentir es la \u00fanica suite inteligente para trabajadores conectados del mundo. Empresas de fabricaci\u00f3n y servicios utilizan Augmentir para capacitar a sus trabajadores de primera l\u00ednea para que rindan al m\u00e1ximo y logren mejoras en seguridad, calidad y productividad de forma constante, a\u00f1o tras a\u00f1o. Augmentir ofrece soluciones personalizadas para trabajadores conectados basadas en IA que transforman la forma de redactar y crear procedimientos operativos est\u00e1ndar de fabricaci\u00f3n. Solicite una\u00a0<a href=\"https:\/\/www.augmentir.com\/request-a-demo\">demostraci\u00f3n en vivo<\/a>\u00a0hoy para conocer m\u00e1s sobre por qu\u00e9 los principales fabricantes eligen nuestras soluciones para mejorar sus procesos de fabricaci\u00f3n.<!-- \/wp:post-content -->","protected":false},"excerpt":{"rendered":"<p>Estimados clientes y amigos de Augmentir: Una nota sobre la financiaci\u00f3n de Augmentir y la expansi\u00f3n de la IA: Esta semana anunciamos el cierre de una ronda de financiaci\u00f3n con exceso de demanda que apoyar\u00e1 la misi\u00f3n de Augmentir de transformar la fuerza laboral de primera l\u00ednea con nuestra Plataforma de Trabajadores Aumentados basada en IA. Esta ronda fue liderada por la firma l\u00edder de capital riesgo Pritzker Group Venture Capital, [\u2026]<\/p>","protected":false},"author":3,"featured_media":3952,"comment_status":"closed","ping_status":"open","sticky":false,"template":"","format":"standard","meta":{"inline_featured_image":false,"_lmt_disableupdate":"no","_lmt_disable":"","footnotes":""},"categories":[4],"tags":[],"class_list":["post-3951","post","type-post","status-publish","format-standard","has-post-thumbnail","hentry","category-blog"],"yoast_head":"<!-- This site is optimized with the Yoast SEO plugin v27.2 - https:\/\/yoast.com\/product\/yoast-seo-wordpress\/ -->\n<title>A Letter From the CEO: Augmentir Closes Funding Round to Accelerate AI Expansion<\/title>\n<meta name=\"description\" content=\"Augmentir closes funding round to further validate unique approach of using AI and AR to support frontline workers with augmented procedures.\" \/>\n<meta name=\"robots\" content=\"index, follow, max-snippet:-1, max-image-preview:large, max-video-preview:-1\" \/>\n<link rel=\"canonical\" href=\"https:\/\/www.augmentir.com\/es\/blog\/a-letter-from-the-ceo-augmentir-closes-funding-round-to-accelerate-expansion\" \/>\n<meta property=\"og:locale\" content=\"es_ES\" \/>\n<meta property=\"og:type\" content=\"article\" \/>\n<meta property=\"og:title\" content=\"A Letter From the CEO: Augmentir Closes Funding Round to Accelerate AI Expansion\" \/>\n<meta property=\"og:description\" content=\"Augmentir closes funding round to further validate unique approach of using AI and AR to support frontline workers with augmented procedures.\" \/>\n<meta property=\"og:url\" content=\"https:\/\/www.augmentir.com\/es\/blog\/a-letter-from-the-ceo-augmentir-closes-funding-round-to-accelerate-expansion\" \/>\n<meta property=\"og:site_name\" content=\"Augmentir\" \/>\n<meta property=\"article:published_time\" content=\"2019-07-18T17:01:26+00:00\" \/>\n<meta property=\"article:modified_time\" content=\"2025-11-27T02:14:48+00:00\" \/>\n<meta property=\"og:image\" content=\"https:\/\/www.augmentir.com\/wp-content\/uploads\/2019\/07\/Campaign-Visual_Funding_Option-A1.jpg\" \/>\n\t<meta property=\"og:image:width\" content=\"1024\" \/>\n\t<meta property=\"og:image:height\" content=\"612\" \/>\n\t<meta property=\"og:image:type\" content=\"image\/jpeg\" \/>\n<meta name=\"author\" content=\"Russ Fadel\" \/>\n<meta name=\"twitter:card\" content=\"summary_large_image\" \/>\n<meta name=\"twitter:creator\" content=\"@augmentir\" \/>\n<meta name=\"twitter:site\" content=\"@augmentir\" \/>\n<script type=\"application\/ld+json\" class=\"yoast-schema-graph\">{\"@context\":\"https:\/\/schema.org\",\"@graph\":[{\"@type\":\"Article\",\"@id\":\"https:\/\/www.augmentir.com\/blog\/a-letter-from-the-ceo-augmentir-closes-funding-round-to-accelerate-expansion#article\",\"isPartOf\":{\"@id\":\"https:\/\/www.augmentir.com\/blog\/a-letter-from-the-ceo-augmentir-closes-funding-round-to-accelerate-expansion\"},\"author\":{\"name\":\"Russ Fadel\",\"@id\":\"https:\/\/www.augmentir.com\/#\/schema\/person\/0d92942b33913aca3c32ef76ddb562c5\"},\"headline\":\"A Letter From the CEO: Augmentir Closes Funding Round to Accelerate AI Expansion\",\"datePublished\":\"2019-07-18T17:01:26+00:00\",\"dateModified\":\"2025-11-27T02:14:48+00:00\",\"mainEntityOfPage\":{\"@id\":\"https:\/\/www.augmentir.com\/blog\/a-letter-from-the-ceo-augmentir-closes-funding-round-to-accelerate-expansion\"},\"wordCount\":368,\"publisher\":{\"@id\":\"https:\/\/www.augmentir.com\/#organization\"},\"image\":{\"@id\":\"https:\/\/www.augmentir.com\/blog\/a-letter-from-the-ceo-augmentir-closes-funding-round-to-accelerate-expansion#primaryimage\"},\"thumbnailUrl\":\"https:\/\/www.augmentir.com\/wp-content\/uploads\/2019\/07\/Campaign-Visual_Funding_Option-A1.jpg\",\"articleSection\":[\"Blog\"],\"inLanguage\":\"es\"},{\"@type\":\"WebPage\",\"@id\":\"https:\/\/www.augmentir.com\/blog\/a-letter-from-the-ceo-augmentir-closes-funding-round-to-accelerate-expansion\",\"url\":\"https:\/\/www.augmentir.com\/blog\/a-letter-from-the-ceo-augmentir-closes-funding-round-to-accelerate-expansion\",\"name\":\"A Letter From the CEO: Augmentir Closes Funding Round to Accelerate AI Expansion\",\"isPartOf\":{\"@id\":\"https:\/\/www.augmentir.com\/#website\"},\"primaryImageOfPage\":{\"@id\":\"https:\/\/www.augmentir.com\/blog\/a-letter-from-the-ceo-augmentir-closes-funding-round-to-accelerate-expansion#primaryimage\"},\"image\":{\"@id\":\"https:\/\/www.augmentir.com\/blog\/a-letter-from-the-ceo-augmentir-closes-funding-round-to-accelerate-expansion#primaryimage\"},\"thumbnailUrl\":\"https:\/\/www.augmentir.com\/wp-content\/uploads\/2019\/07\/Campaign-Visual_Funding_Option-A1.jpg\",\"datePublished\":\"2019-07-18T17:01:26+00:00\",\"dateModified\":\"2025-11-27T02:14:48+00:00\",\"description\":\"Augmentir closes funding round to further validate unique approach of using AI and AR to support frontline workers with augmented procedures.\",\"breadcrumb\":{\"@id\":\"https:\/\/www.augmentir.com\/blog\/a-letter-from-the-ceo-augmentir-closes-funding-round-to-accelerate-expansion#breadcrumb\"},\"inLanguage\":\"es\",\"potentialAction\":[{\"@type\":\"ReadAction\",\"target\":[\"https:\/\/www.augmentir.com\/blog\/a-letter-from-the-ceo-augmentir-closes-funding-round-to-accelerate-expansion\"]}]},{\"@type\":\"ImageObject\",\"inLanguage\":\"es\",\"@id\":\"https:\/\/www.augmentir.com\/blog\/a-letter-from-the-ceo-augmentir-closes-funding-round-to-accelerate-expansion#primaryimage\",\"url\":\"https:\/\/www.augmentir.com\/wp-content\/uploads\/2019\/07\/Campaign-Visual_Funding_Option-A1.jpg\",\"contentUrl\":\"https:\/\/www.augmentir.com\/wp-content\/uploads\/2019\/07\/Campaign-Visual_Funding_Option-A1.jpg\",\"width\":1024,\"height\":612,\"caption\":\"Augmentir Closes Funding Round to Accelerate AI Expansion\"},{\"@type\":\"BreadcrumbList\",\"@id\":\"https:\/\/www.augmentir.com\/blog\/a-letter-from-the-ceo-augmentir-closes-funding-round-to-accelerate-expansion#breadcrumb\",\"itemListElement\":[{\"@type\":\"ListItem\",\"position\":1,\"name\":\"Home\",\"item\":\"https:\/\/www.augmentir.com\/\"},{\"@type\":\"ListItem\",\"position\":2,\"name\":\"A Letter From the CEO: Augmentir Closes Funding Round to Accelerate AI Expansion\"}]},{\"@type\":\"WebSite\",\"@id\":\"https:\/\/www.augmentir.com\/#website\",\"url\":\"https:\/\/www.augmentir.com\/\",\"name\":\"Augmentir\",\"description\":\"AI-Powered Connected Worker Platform\",\"publisher\":{\"@id\":\"https:\/\/www.augmentir.com\/#organization\"},\"potentialAction\":[{\"@type\":\"SearchAction\",\"target\":{\"@type\":\"EntryPoint\",\"urlTemplate\":\"https:\/\/www.augmentir.com\/?s={search_term_string}\"},\"query-input\":{\"@type\":\"PropertyValueSpecification\",\"valueRequired\":true,\"valueName\":\"search_term_string\"}}],\"inLanguage\":\"es\"},{\"@type\":\"Organization\",\"@id\":\"https:\/\/www.augmentir.com\/#organization\",\"name\":\"Augmentir, Inc.\",\"url\":\"https:\/\/www.augmentir.com\/\",\"logo\":{\"@type\":\"ImageObject\",\"inLanguage\":\"es\",\"@id\":\"https:\/\/www.augmentir.com\/#\/schema\/logo\/image\/\",\"url\":\"https:\/\/www.augmentir.com\/wp-content\/uploads\/2021\/10\/Augmentir_Logo.svg\",\"contentUrl\":\"https:\/\/www.augmentir.com\/wp-content\/uploads\/2021\/10\/Augmentir_Logo.svg\",\"width\":\"1200\",\"height\":\"1200\",\"caption\":\"Augmentir, Inc.\"},\"image\":{\"@id\":\"https:\/\/www.augmentir.com\/#\/schema\/logo\/image\/\"},\"sameAs\":[\"https:\/\/x.com\/augmentir\",\"https:\/\/www.linkedin.com\/company\/augmentir\"]},{\"@type\":\"Person\",\"@id\":\"https:\/\/www.augmentir.com\/#\/schema\/person\/0d92942b33913aca3c32ef76ddb562c5\",\"name\":\"Russ Fadel\",\"image\":{\"@type\":\"ImageObject\",\"inLanguage\":\"es\",\"@id\":\"https:\/\/www.augmentir.com\/wp-content\/uploads\/2017\/02\/fadel-96x96.png\",\"url\":\"https:\/\/www.augmentir.com\/wp-content\/uploads\/2017\/02\/fadel-96x96.png\",\"contentUrl\":\"https:\/\/www.augmentir.com\/wp-content\/uploads\/2017\/02\/fadel-96x96.png\",\"caption\":\"Russ Fadel\"},\"description\":\"Co-Founder and CEO Augmentir\",\"sameAs\":[\"https:\/\/www.augmentir.com\/author\/russ-fadel\"],\"url\":\"https:\/\/www.augmentir.com\/es\/author\/russ-fadel\"}]}<\/script>\n<!-- \/ Yoast SEO plugin. -->","yoast_head_json":{"title":"A Letter From the CEO: Augmentir Closes Funding Round to Accelerate AI Expansion","description":"Augmentir closes funding round to further validate unique approach of using AI and AR to support frontline workers with augmented procedures.","robots":{"index":"index","follow":"follow","max-snippet":"max-snippet:-1","max-image-preview":"max-image-preview:large","max-video-preview":"max-video-preview:-1"},"canonical":"https:\/\/www.augmentir.com\/es\/blog\/a-letter-from-the-ceo-augmentir-closes-funding-round-to-accelerate-expansion","og_locale":"es_ES","og_type":"article","og_title":"A Letter From the CEO: Augmentir Closes Funding Round to Accelerate AI Expansion","og_description":"Augmentir closes funding round to further validate unique approach of using AI and AR to support frontline workers with augmented procedures.","og_url":"https:\/\/www.augmentir.com\/es\/blog\/a-letter-from-the-ceo-augmentir-closes-funding-round-to-accelerate-expansion","og_site_name":"Augmentir","article_published_time":"2019-07-18T17:01:26+00:00","article_modified_time":"2025-11-27T02:14:48+00:00","og_image":[{"width":1024,"height":612,"url":"https:\/\/www.augmentir.com\/wp-content\/uploads\/2019\/07\/Campaign-Visual_Funding_Option-A1.jpg","type":"image\/jpeg"}],"author":"Russ Fadel","twitter_card":"summary_large_image","twitter_creator":"@augmentir","twitter_site":"@augmentir","schema":{"@context":"https:\/\/schema.org","@graph":[{"@type":"Article","@id":"https:\/\/www.augmentir.com\/blog\/a-letter-from-the-ceo-augmentir-closes-funding-round-to-accelerate-expansion#article","isPartOf":{"@id":"https:\/\/www.augmentir.com\/blog\/a-letter-from-the-ceo-augmentir-closes-funding-round-to-accelerate-expansion"},"author":{"name":"Russ Fadel","@id":"https:\/\/www.augmentir.com\/#\/schema\/person\/0d92942b33913aca3c32ef76ddb562c5"},"headline":"A Letter From the CEO: Augmentir Closes Funding Round to Accelerate AI Expansion","datePublished":"2019-07-18T17:01:26+00:00","dateModified":"2025-11-27T02:14:48+00:00","mainEntityOfPage":{"@id":"https:\/\/www.augmentir.com\/blog\/a-letter-from-the-ceo-augmentir-closes-funding-round-to-accelerate-expansion"},"wordCount":368,"publisher":{"@id":"https:\/\/www.augmentir.com\/#organization"},"image":{"@id":"https:\/\/www.augmentir.com\/blog\/a-letter-from-the-ceo-augmentir-closes-funding-round-to-accelerate-expansion#primaryimage"},"thumbnailUrl":"https:\/\/www.augmentir.com\/wp-content\/uploads\/2019\/07\/Campaign-Visual_Funding_Option-A1.jpg","articleSection":["Blog"],"inLanguage":"es"},{"@type":"WebPage","@id":"https:\/\/www.augmentir.com\/blog\/a-letter-from-the-ceo-augmentir-closes-funding-round-to-accelerate-expansion","url":"https:\/\/www.augmentir.com\/blog\/a-letter-from-the-ceo-augmentir-closes-funding-round-to-accelerate-expansion","name":"A Letter From the CEO: Augmentir Closes Funding Round to Accelerate AI Expansion","isPartOf":{"@id":"https:\/\/www.augmentir.com\/#website"},"primaryImageOfPage":{"@id":"https:\/\/www.augmentir.com\/blog\/a-letter-from-the-ceo-augmentir-closes-funding-round-to-accelerate-expansion#primaryimage"},"image":{"@id":"https:\/\/www.augmentir.com\/blog\/a-letter-from-the-ceo-augmentir-closes-funding-round-to-accelerate-expansion#primaryimage"},"thumbnailUrl":"https:\/\/www.augmentir.com\/wp-content\/uploads\/2019\/07\/Campaign-Visual_Funding_Option-A1.jpg","datePublished":"2019-07-18T17:01:26+00:00","dateModified":"2025-11-27T02:14:48+00:00","description":"Augmentir closes funding round to further validate unique approach of using AI and AR to support frontline workers with augmented procedures.","breadcrumb":{"@id":"https:\/\/www.augmentir.com\/blog\/a-letter-from-the-ceo-augmentir-closes-funding-round-to-accelerate-expansion#breadcrumb"},"inLanguage":"es","potentialAction":[{"@type":"ReadAction","target":["https:\/\/www.augmentir.com\/blog\/a-letter-from-the-ceo-augmentir-closes-funding-round-to-accelerate-expansion"]}]},{"@type":"ImageObject","inLanguage":"es","@id":"https:\/\/www.augmentir.com\/blog\/a-letter-from-the-ceo-augmentir-closes-funding-round-to-accelerate-expansion#primaryimage","url":"https:\/\/www.augmentir.com\/wp-content\/uploads\/2019\/07\/Campaign-Visual_Funding_Option-A1.jpg","contentUrl":"https:\/\/www.augmentir.com\/wp-content\/uploads\/2019\/07\/Campaign-Visual_Funding_Option-A1.jpg","width":1024,"height":612,"caption":"Augmentir Closes Funding Round to Accelerate AI Expansion"},{"@type":"BreadcrumbList","@id":"https:\/\/www.augmentir.com\/blog\/a-letter-from-the-ceo-augmentir-closes-funding-round-to-accelerate-expansion#breadcrumb","itemListElement":[{"@type":"ListItem","position":1,"name":"Home","item":"https:\/\/www.augmentir.com\/"},{"@type":"ListItem","position":2,"name":"A Letter From the CEO: Augmentir Closes Funding Round to Accelerate AI Expansion"}]},{"@type":"WebSite","@id":"https:\/\/www.augmentir.com\/#website","url":"https:\/\/www.augmentir.com\/","name":"Augmentir","description":"AI-Powered Connected Worker Platform","publisher":{"@id":"https:\/\/www.augmentir.com\/#organization"},"potentialAction":[{"@type":"SearchAction","target":{"@type":"EntryPoint","urlTemplate":"https:\/\/www.augmentir.com\/?s={search_term_string}"},"query-input":{"@type":"PropertyValueSpecification","valueRequired":true,"valueName":"search_term_string"}}],"inLanguage":"es"},{"@type":"Organization","@id":"https:\/\/www.augmentir.com\/#organization","name":"Augmentir, Inc.","url":"https:\/\/www.augmentir.com\/","logo":{"@type":"ImageObject","inLanguage":"es","@id":"https:\/\/www.augmentir.com\/#\/schema\/logo\/image\/","url":"https:\/\/www.augmentir.com\/wp-content\/uploads\/2021\/10\/Augmentir_Logo.svg","contentUrl":"https:\/\/www.augmentir.com\/wp-content\/uploads\/2021\/10\/Augmentir_Logo.svg","width":"1200","height":"1200","caption":"Augmentir, Inc."},"image":{"@id":"https:\/\/www.augmentir.com\/#\/schema\/logo\/image\/"},"sameAs":["https:\/\/x.com\/augmentir","https:\/\/www.linkedin.com\/company\/augmentir"]},{"@type":"Person","@id":"https:\/\/www.augmentir.com\/#\/schema\/person\/0d92942b33913aca3c32ef76ddb562c5","name":"Russ Fadel","image":{"@type":"ImageObject","inLanguage":"es","@id":"https:\/\/www.augmentir.com\/wp-content\/uploads\/2017\/02\/fadel-96x96.png","url":"https:\/\/www.augmentir.com\/wp-content\/uploads\/2017\/02\/fadel-96x96.png","contentUrl":"https:\/\/www.augmentir.com\/wp-content\/uploads\/2017\/02\/fadel-96x96.png","caption":"Russ Fadel"},"description":"Co-Founder and CEO Augmentir","sameAs":["https:\/\/www.augmentir.com\/author\/russ-fadel"],"url":"https:\/\/www.augmentir.com\/es\/author\/russ-fadel"}]}},"modified_by":"Chris Kuntz","_links":{"self":[{"href":"https:\/\/www.augmentir.com\/es\/wp-json\/wp\/v2\/posts\/3951","targetHints":{"allow":["GET"]}}],"collection":[{"href":"https:\/\/www.augmentir.com\/es\/wp-json\/wp\/v2\/posts"}],"about":[{"href":"https:\/\/www.augmentir.com\/es\/wp-json\/wp\/v2\/types\/post"}],"author":[{"embeddable":true,"href":"https:\/\/www.augmentir.com\/es\/wp-json\/wp\/v2\/users\/3"}],"replies":[{"embeddable":true,"href":"https:\/\/www.augmentir.com\/es\/wp-json\/wp\/v2\/comments?post=3951"}],"version-history":[{"count":0,"href":"https:\/\/www.augmentir.com\/es\/wp-json\/wp\/v2\/posts\/3951\/revisions"}],"wp:featuredmedia":[{"embeddable":true,"href":"https:\/\/www.augmentir.com\/es\/wp-json\/wp\/v2\/media\/3952"}],"wp:attachment":[{"href":"https:\/\/www.augmentir.com\/es\/wp-json\/wp\/v2\/media?parent=3951"}],"wp:term":[{"taxonomy":"category","embeddable":true,"href":"https:\/\/www.augmentir.com\/es\/wp-json\/wp\/v2\/categories?post=3951"},{"taxonomy":"post_tag","embeddable":true,"href":"https:\/\/www.augmentir.com\/es\/wp-json\/wp\/v2\/tags?post=3951"}],"curies":[{"name":"wp","href":"https:\/\/api.w.org\/{rel}","templated":true}]}}