{"id":12439,"date":"2022-01-01T21:56:01","date_gmt":"2022-01-01T21:56:01","guid":{"rendered":"https:\/\/www.augmentir.com\/?p=12439"},"modified":"2023-03-07T16:04:34","modified_gmt":"2023-03-07T16:04:34","slug":"smart-manufacturing-food-beverage","status":"publish","type":"post","link":"https:\/\/www.augmentir.com\/es\/events\/smart-manufacturing-food-beverage","title":{"rendered":"Fabricaci\u00f3n inteligente: alimentos y bebidas"},"content":{"rendered":"<p><span style=\"font-weight: 400;\">A medida que avanzamos hacia la nueva normalidad, los expertos predicen que la demanda en la industria de alimentos y bebidas se duplicar\u00e1 en los pr\u00f3ximos 30 a\u00f1os debido al crecimiento demogr\u00e1fico. Sin embargo, la gran resignaci\u00f3n nos acecha y la industria de alimentos y bebidas tiene dificultades para encontrar trabajadores cualificados ante la escasez de mano de obra.\u00a0<\/span><\/p>\n<p><span style=\"font-weight: 400;\">El aumento de la demanda, manteniendo al mismo tiempo el control de calidad, implica que la industria de alimentos y bebidas debe integrar la tecnolog\u00eda de fabricaci\u00f3n inteligente para garantizar su competitividad y producir productos de alta calidad a un ritmo m\u00e1s r\u00e1pido. Las tecnolog\u00edas emergentes que aprovechan la inteligencia artificial, la rob\u00f3tica y la anal\u00edtica avanzada deber\u00e1n formar parte de su estrategia digital para mantenerse relevante y competitivo.<\/span><\/p>\n<p><span style=\"font-weight: 400;\">La Fabricaci\u00f3n Inteligente para Alimentos y Bebidas es un evento virtual compuesto por una serie de presentaciones y debates interactivos sobre c\u00f3mo facilitar la transici\u00f3n fluida hacia la Industria 4.0. El evento tendr\u00e1 lugar en l\u00ednea el 22 de marzo.<\/span><\/p>\n<p><span style=\"font-weight: 400;\">Al<\/span><b> Evento de Fabricaci\u00f3n Inteligente para Alimentos y Bebidas, <\/b><span style=\"font-weight: 400;\">Escuchar\u00e1 a l\u00edderes de opini\u00f3n y expertos de la industria sobre:<\/span><\/p>\n<ul>\n<li style=\"font-weight: 400;\" aria-level=\"1\"><span style=\"font-weight: 400;\">Cree la f\u00e1brica inteligente de alimentos y bebidas del futuro: reduzca los costos, mejore la eficiencia, optimice la producci\u00f3n y mantenga la calidad<\/span><\/li>\n<li style=\"font-weight: 400;\" aria-level=\"1\"><span style=\"font-weight: 400;\">Realizar una evaluaci\u00f3n organizacional: determinar \u00e1reas propicias para la tecnolog\u00eda y la automatizaci\u00f3n<\/span><\/li>\n<li style=\"font-weight: 400;\" aria-level=\"1\"><span style=\"font-weight: 400;\">Inculcar una cultura de tecnolog\u00eda e innovaci\u00f3n que responda a la resistencia digital y cierre las brechas de habilidades existentes<\/span><\/li>\n<li style=\"font-weight: 400;\" aria-level=\"1\"><span style=\"font-weight: 400;\">Desarrollar la hoja de ruta de la Industria 4.0, construir el caso de negocios, demostrar el ROI y asegurar la aceptaci\u00f3n de la tecnolog\u00eda inteligente.<\/span><\/li>\n<li style=\"font-weight: 400;\" aria-level=\"1\"><span style=\"font-weight: 400;\">Identificar y seleccionar la tecnolog\u00eda adecuada: IIoT, salud de las m\u00e1quinas, rob\u00f3tica, IA\/ML\/an\u00e1lisis avanzado, gemelos digitales, VR\/AR y blockchain.<\/span><\/li>\n<\/ul>\n<p><span style=\"font-weight: 400;\">Entre los presentadores estar\u00e1 el vicepresidente de operaciones estrat\u00e9gicas de Augmentir, quien analizar\u00e1 c\u00f3mo nuestros clientes pueden superar la escasez de mano de obra aprovechando la IA para respaldar el rendimiento, solucionando los problemas de escasez de mano de obra y garantizando que todos los trabajadores puedan desempe\u00f1arse de la mejor manera.\u00a0<\/span><\/p>\n<p>&nbsp;<\/p>\n<p><b>\u00bfQui\u00e9n asiste al evento Smart Manufacturing for Food and Beverage?<\/b><\/p>\n<p><span style=\"font-weight: 400;\">Esta Cumbre est\u00e1 dise\u00f1ada para C-Suite, vicepresidentes, directores, jefes y gerentes de:<\/span><\/p>\n<ul>\n<li style=\"font-weight: 400;\" aria-level=\"1\"><span style=\"font-weight: 400;\">Control de procesos\/Automatizaci\u00f3n de procesos<\/span><\/li>\n<li style=\"font-weight: 400;\" aria-level=\"1\"><span style=\"font-weight: 400;\">Fabricaci\u00f3n inteligente\/Industria 4.0\/Fabricaci\u00f3n digital<\/span><\/li>\n<li style=\"font-weight: 400;\" aria-level=\"1\"><span style=\"font-weight: 400;\">An\u00e1lisis de fabricaci\u00f3n\/Operaciones de fabricaci\u00f3n<\/span><\/li>\n<li style=\"font-weight: 400;\" aria-level=\"1\"><span style=\"font-weight: 400;\">Innovaci\u00f3n digital\/Estrategia digital\/Transformaci\u00f3n digital<\/span><\/li>\n<li style=\"font-weight: 400;\" aria-level=\"1\"><span style=\"font-weight: 400;\">Controles de potencia<\/span><\/li>\n<li style=\"font-weight: 400;\" aria-level=\"1\"><span style=\"font-weight: 400;\">Sistemas de informaci\u00f3n<\/span><\/li>\n<li style=\"font-weight: 400;\" aria-level=\"1\"><span style=\"font-weight: 400;\">Datos\/Estrategia de IA\/ML\/Rob\u00f3tica\/IIoT y dispositivos conectados<\/span><\/li>\n<li style=\"font-weight: 400;\" aria-level=\"1\"><span style=\"font-weight: 400;\">Tecnolog\u00eda operativa\/Tecnolog\u00eda emergente<\/span><\/li>\n<li style=\"font-weight: 400;\" aria-level=\"1\"><span style=\"font-weight: 400;\">Cadena de suministro digital\/Innovaci\u00f3n en la cadena de suministro\u00a0<\/span><\/li>\n<\/ul>\n<p>&nbsp;<\/p>\n<p><span style=\"font-weight: 400;\">Con la creciente digitalizaci\u00f3n de las operaciones de su fuerza laboral, es crucial involucrar a todas las partes interesadas en la toma de decisiones para gestionar las expectativas de la fuerza laboral y construir una cultura de fabricaci\u00f3n inteligente. Asista al evento de Fabricaci\u00f3n Inteligente para Alimentos y Bebidas para adquirir las herramientas y los conocimientos necesarios para desarrollar una estrategia digital con tecnolog\u00edas modernas y emergentes que impulsar\u00e1n la productividad y promover\u00e1n la mejora continua.<\/span><\/p>\n<p>&nbsp;<\/p>\n<div  class='avia-button-wrap avia-button-center  avia-builder-el-0  avia-builder-el-no-sibling' ><a href='https:\/\/www.amg-world.co.uk\/smart-manufacturing-for-food-beverage\/'  class='avia-button   avia-icon_select-yes-left-icon avia-color-custom avia-size-large avia-position-center'  target=\"_blank\"  style='background-color:#FC704A; border-color:#FC704A; color:#ffffff; ' ><span class='avia_button_icon avia_button_icon_left' aria-hidden='true' data-av_icon='' data-av_iconfont='entypo-fontello'><\/span><span class='avia_iconbox_title' >Reg\u00edstrate ahora<\/span><\/a><\/div>","protected":false},"excerpt":{"rendered":"<p>22 de marzo de 2022<\/p>","protected":false},"author":1,"featured_media":12440,"comment_status":"closed","ping_status":"closed","sticky":false,"template":"","format":"standard","meta":{"inline_featured_image":false,"_lmt_disableupdate":"no","_lmt_disable":"","footnotes":""},"categories":[9],"tags":[],"class_list":["post-12439","post","type-post","status-publish","format-standard","has-post-thumbnail","hentry","category-events"],"yoast_head":"<!-- This site is optimized with the Yoast SEO plugin v27.2 - https:\/\/yoast.com\/product\/yoast-seo-wordpress\/ -->\n<title>Smart Manufacturing - Food &amp; Beverage<\/title>\n<meta name=\"description\" content=\"The Smart Manufacturing for Food and Beverage is a virtual event made up of a series of presentations and interactive discussions on facilitating the seamless transition towards Industry 4.0.\" \/>\n<meta name=\"robots\" content=\"index, follow, max-snippet:-1, max-image-preview:large, max-video-preview:-1\" \/>\n<link rel=\"canonical\" href=\"https:\/\/www.augmentir.com\/es\/events\/smart-manufacturing-food-beverage\" \/>\n<meta property=\"og:locale\" content=\"es_ES\" \/>\n<meta property=\"og:type\" content=\"article\" \/>\n<meta property=\"og:title\" content=\"Smart Manufacturing - Food &amp; Beverage\" \/>\n<meta property=\"og:description\" content=\"The Smart Manufacturing for Food and Beverage is a virtual event made up of a series of presentations and interactive discussions on facilitating the seamless transition towards Industry 4.0.\" \/>\n<meta property=\"og:url\" content=\"https:\/\/www.augmentir.com\/es\/events\/smart-manufacturing-food-beverage\" \/>\n<meta property=\"og:site_name\" content=\"Augmentir\" \/>\n<meta property=\"article:published_time\" content=\"2022-01-01T21:56:01+00:00\" \/>\n<meta property=\"article:modified_time\" content=\"2023-03-07T16:04:34+00:00\" \/>\n<meta property=\"og:image\" content=\"https:\/\/www.augmentir.com\/wp-content\/uploads\/2022\/02\/smart-manufacturing-food-beverage.png\" \/>\n\t<meta property=\"og:image:width\" content=\"1200\" \/>\n\t<meta property=\"og:image:height\" content=\"630\" \/>\n\t<meta property=\"og:image:type\" content=\"image\/png\" \/>\n<meta name=\"author\" content=\"Chris Kuntz\" \/>\n<meta name=\"twitter:card\" content=\"summary_large_image\" \/>\n<meta name=\"twitter:creator\" content=\"@augmentir\" \/>\n<meta name=\"twitter:site\" content=\"@augmentir\" \/>\n<script type=\"application\/ld+json\" class=\"yoast-schema-graph\">{\"@context\":\"https:\/\/schema.org\",\"@graph\":[{\"@type\":\"Article\",\"@id\":\"https:\/\/www.augmentir.com\/events\/smart-manufacturing-food-beverage#article\",\"isPartOf\":{\"@id\":\"https:\/\/www.augmentir.com\/events\/smart-manufacturing-food-beverage\"},\"author\":{\"name\":\"Chris Kuntz\",\"@id\":\"https:\/\/www.augmentir.com\/#\/schema\/person\/a873d3191dd1f8d87b6c61258e92d07b\"},\"headline\":\"Smart Manufacturing &#8211; Food &#038; Beverage\",\"datePublished\":\"2022-01-01T21:56:01+00:00\",\"dateModified\":\"2023-03-07T16:04:34+00:00\",\"mainEntityOfPage\":{\"@id\":\"https:\/\/www.augmentir.com\/events\/smart-manufacturing-food-beverage\"},\"wordCount\":480,\"publisher\":{\"@id\":\"https:\/\/www.augmentir.com\/#organization\"},\"image\":{\"@id\":\"https:\/\/www.augmentir.com\/events\/smart-manufacturing-food-beverage#primaryimage\"},\"thumbnailUrl\":\"https:\/\/www.augmentir.com\/wp-content\/uploads\/2022\/02\/smart-manufacturing-food-beverage.png\",\"articleSection\":[\"Events\"],\"inLanguage\":\"es\"},{\"@type\":\"WebPage\",\"@id\":\"https:\/\/www.augmentir.com\/events\/smart-manufacturing-food-beverage\",\"url\":\"https:\/\/www.augmentir.com\/events\/smart-manufacturing-food-beverage\",\"name\":\"Smart Manufacturing - Food & Beverage\",\"isPartOf\":{\"@id\":\"https:\/\/www.augmentir.com\/#website\"},\"primaryImageOfPage\":{\"@id\":\"https:\/\/www.augmentir.com\/events\/smart-manufacturing-food-beverage#primaryimage\"},\"image\":{\"@id\":\"https:\/\/www.augmentir.com\/events\/smart-manufacturing-food-beverage#primaryimage\"},\"thumbnailUrl\":\"https:\/\/www.augmentir.com\/wp-content\/uploads\/2022\/02\/smart-manufacturing-food-beverage.png\",\"datePublished\":\"2022-01-01T21:56:01+00:00\",\"dateModified\":\"2023-03-07T16:04:34+00:00\",\"description\":\"The Smart Manufacturing for Food and Beverage is a virtual event made up of a series of presentations and interactive discussions on facilitating the seamless transition towards Industry 4.0.\",\"breadcrumb\":{\"@id\":\"https:\/\/www.augmentir.com\/events\/smart-manufacturing-food-beverage#breadcrumb\"},\"inLanguage\":\"es\",\"potentialAction\":[{\"@type\":\"ReadAction\",\"target\":[\"https:\/\/www.augmentir.com\/events\/smart-manufacturing-food-beverage\"]}]},{\"@type\":\"ImageObject\",\"inLanguage\":\"es\",\"@id\":\"https:\/\/www.augmentir.com\/events\/smart-manufacturing-food-beverage#primaryimage\",\"url\":\"https:\/\/www.augmentir.com\/wp-content\/uploads\/2022\/02\/smart-manufacturing-food-beverage.png\",\"contentUrl\":\"https:\/\/www.augmentir.com\/wp-content\/uploads\/2022\/02\/smart-manufacturing-food-beverage.png\",\"width\":1200,\"height\":630,\"caption\":\"smart manufacturing food and beverage\"},{\"@type\":\"BreadcrumbList\",\"@id\":\"https:\/\/www.augmentir.com\/events\/smart-manufacturing-food-beverage#breadcrumb\",\"itemListElement\":[{\"@type\":\"ListItem\",\"position\":1,\"name\":\"Home\",\"item\":\"https:\/\/www.augmentir.com\/\"},{\"@type\":\"ListItem\",\"position\":2,\"name\":\"Smart Manufacturing &#8211; Food &#038; Beverage\"}]},{\"@type\":\"WebSite\",\"@id\":\"https:\/\/www.augmentir.com\/#website\",\"url\":\"https:\/\/www.augmentir.com\/\",\"name\":\"Augmentir\",\"description\":\"AI-Powered Connected Worker Platform\",\"publisher\":{\"@id\":\"https:\/\/www.augmentir.com\/#organization\"},\"potentialAction\":[{\"@type\":\"SearchAction\",\"target\":{\"@type\":\"EntryPoint\",\"urlTemplate\":\"https:\/\/www.augmentir.com\/?s={search_term_string}\"},\"query-input\":{\"@type\":\"PropertyValueSpecification\",\"valueRequired\":true,\"valueName\":\"search_term_string\"}}],\"inLanguage\":\"es\"},{\"@type\":\"Organization\",\"@id\":\"https:\/\/www.augmentir.com\/#organization\",\"name\":\"Augmentir, Inc.\",\"url\":\"https:\/\/www.augmentir.com\/\",\"logo\":{\"@type\":\"ImageObject\",\"inLanguage\":\"es\",\"@id\":\"https:\/\/www.augmentir.com\/#\/schema\/logo\/image\/\",\"url\":\"https:\/\/www.augmentir.com\/wp-content\/uploads\/2021\/10\/Augmentir_Logo.svg\",\"contentUrl\":\"https:\/\/www.augmentir.com\/wp-content\/uploads\/2021\/10\/Augmentir_Logo.svg\",\"width\":\"1200\",\"height\":\"1200\",\"caption\":\"Augmentir, Inc.\"},\"image\":{\"@id\":\"https:\/\/www.augmentir.com\/#\/schema\/logo\/image\/\"},\"sameAs\":[\"https:\/\/x.com\/augmentir\",\"https:\/\/www.linkedin.com\/company\/augmentir\"]},{\"@type\":\"Person\",\"@id\":\"https:\/\/www.augmentir.com\/#\/schema\/person\/a873d3191dd1f8d87b6c61258e92d07b\",\"name\":\"Chris Kuntz\",\"image\":{\"@type\":\"ImageObject\",\"inLanguage\":\"es\",\"@id\":\"https:\/\/secure.gravatar.com\/avatar\/abd67359f51a3bbf443889279746e01267bf01e1ee2e6fb9106da36ad4ade3ed?s=96&d=mm&r=g\",\"url\":\"https:\/\/secure.gravatar.com\/avatar\/abd67359f51a3bbf443889279746e01267bf01e1ee2e6fb9106da36ad4ade3ed?s=96&d=mm&r=g\",\"contentUrl\":\"https:\/\/secure.gravatar.com\/avatar\/abd67359f51a3bbf443889279746e01267bf01e1ee2e6fb9106da36ad4ade3ed?s=96&d=mm&r=g\",\"caption\":\"Chris Kuntz\"},\"description\":\"Vice President of Strategic Operations Augmentir\",\"sameAs\":[\"https:\/\/www.augmentir.com\/author\/chris-kuntz\"],\"url\":\"https:\/\/www.augmentir.com\/es\/author\/chris-kuntz\"}]}<\/script>\n<!-- \/ Yoast SEO plugin. -->","yoast_head_json":{"title":"Smart Manufacturing - Food & Beverage","description":"The Smart Manufacturing for Food and Beverage is a virtual event made up of a series of presentations and interactive discussions on facilitating the seamless transition towards Industry 4.0.","robots":{"index":"index","follow":"follow","max-snippet":"max-snippet:-1","max-image-preview":"max-image-preview:large","max-video-preview":"max-video-preview:-1"},"canonical":"https:\/\/www.augmentir.com\/es\/events\/smart-manufacturing-food-beverage","og_locale":"es_ES","og_type":"article","og_title":"Smart Manufacturing - Food & Beverage","og_description":"The Smart Manufacturing for Food and Beverage is a virtual event made up of a series of presentations and interactive discussions on facilitating the seamless transition towards Industry 4.0.","og_url":"https:\/\/www.augmentir.com\/es\/events\/smart-manufacturing-food-beverage","og_site_name":"Augmentir","article_published_time":"2022-01-01T21:56:01+00:00","article_modified_time":"2023-03-07T16:04:34+00:00","og_image":[{"width":1200,"height":630,"url":"https:\/\/www.augmentir.com\/wp-content\/uploads\/2022\/02\/smart-manufacturing-food-beverage.png","type":"image\/png"}],"author":"Chris Kuntz","twitter_card":"summary_large_image","twitter_creator":"@augmentir","twitter_site":"@augmentir","schema":{"@context":"https:\/\/schema.org","@graph":[{"@type":"Article","@id":"https:\/\/www.augmentir.com\/events\/smart-manufacturing-food-beverage#article","isPartOf":{"@id":"https:\/\/www.augmentir.com\/events\/smart-manufacturing-food-beverage"},"author":{"name":"Chris Kuntz","@id":"https:\/\/www.augmentir.com\/#\/schema\/person\/a873d3191dd1f8d87b6c61258e92d07b"},"headline":"Smart Manufacturing &#8211; Food &#038; Beverage","datePublished":"2022-01-01T21:56:01+00:00","dateModified":"2023-03-07T16:04:34+00:00","mainEntityOfPage":{"@id":"https:\/\/www.augmentir.com\/events\/smart-manufacturing-food-beverage"},"wordCount":480,"publisher":{"@id":"https:\/\/www.augmentir.com\/#organization"},"image":{"@id":"https:\/\/www.augmentir.com\/events\/smart-manufacturing-food-beverage#primaryimage"},"thumbnailUrl":"https:\/\/www.augmentir.com\/wp-content\/uploads\/2022\/02\/smart-manufacturing-food-beverage.png","articleSection":["Events"],"inLanguage":"es"},{"@type":"WebPage","@id":"https:\/\/www.augmentir.com\/events\/smart-manufacturing-food-beverage","url":"https:\/\/www.augmentir.com\/events\/smart-manufacturing-food-beverage","name":"Smart Manufacturing - Food & Beverage","isPartOf":{"@id":"https:\/\/www.augmentir.com\/#website"},"primaryImageOfPage":{"@id":"https:\/\/www.augmentir.com\/events\/smart-manufacturing-food-beverage#primaryimage"},"image":{"@id":"https:\/\/www.augmentir.com\/events\/smart-manufacturing-food-beverage#primaryimage"},"thumbnailUrl":"https:\/\/www.augmentir.com\/wp-content\/uploads\/2022\/02\/smart-manufacturing-food-beverage.png","datePublished":"2022-01-01T21:56:01+00:00","dateModified":"2023-03-07T16:04:34+00:00","description":"The Smart Manufacturing for Food and Beverage is a virtual event made up of a series of presentations and interactive discussions on facilitating the seamless transition towards Industry 4.0.","breadcrumb":{"@id":"https:\/\/www.augmentir.com\/events\/smart-manufacturing-food-beverage#breadcrumb"},"inLanguage":"es","potentialAction":[{"@type":"ReadAction","target":["https:\/\/www.augmentir.com\/events\/smart-manufacturing-food-beverage"]}]},{"@type":"ImageObject","inLanguage":"es","@id":"https:\/\/www.augmentir.com\/events\/smart-manufacturing-food-beverage#primaryimage","url":"https:\/\/www.augmentir.com\/wp-content\/uploads\/2022\/02\/smart-manufacturing-food-beverage.png","contentUrl":"https:\/\/www.augmentir.com\/wp-content\/uploads\/2022\/02\/smart-manufacturing-food-beverage.png","width":1200,"height":630,"caption":"smart manufacturing food and beverage"},{"@type":"BreadcrumbList","@id":"https:\/\/www.augmentir.com\/events\/smart-manufacturing-food-beverage#breadcrumb","itemListElement":[{"@type":"ListItem","position":1,"name":"Home","item":"https:\/\/www.augmentir.com\/"},{"@type":"ListItem","position":2,"name":"Smart Manufacturing &#8211; Food &#038; Beverage"}]},{"@type":"WebSite","@id":"https:\/\/www.augmentir.com\/#website","url":"https:\/\/www.augmentir.com\/","name":"Augmentir","description":"AI-Powered Connected Worker Platform","publisher":{"@id":"https:\/\/www.augmentir.com\/#organization"},"potentialAction":[{"@type":"SearchAction","target":{"@type":"EntryPoint","urlTemplate":"https:\/\/www.augmentir.com\/?s={search_term_string}"},"query-input":{"@type":"PropertyValueSpecification","valueRequired":true,"valueName":"search_term_string"}}],"inLanguage":"es"},{"@type":"Organization","@id":"https:\/\/www.augmentir.com\/#organization","name":"Augmentir, Inc.","url":"https:\/\/www.augmentir.com\/","logo":{"@type":"ImageObject","inLanguage":"es","@id":"https:\/\/www.augmentir.com\/#\/schema\/logo\/image\/","url":"https:\/\/www.augmentir.com\/wp-content\/uploads\/2021\/10\/Augmentir_Logo.svg","contentUrl":"https:\/\/www.augmentir.com\/wp-content\/uploads\/2021\/10\/Augmentir_Logo.svg","width":"1200","height":"1200","caption":"Augmentir, Inc."},"image":{"@id":"https:\/\/www.augmentir.com\/#\/schema\/logo\/image\/"},"sameAs":["https:\/\/x.com\/augmentir","https:\/\/www.linkedin.com\/company\/augmentir"]},{"@type":"Person","@id":"https:\/\/www.augmentir.com\/#\/schema\/person\/a873d3191dd1f8d87b6c61258e92d07b","name":"Chris Kuntz","image":{"@type":"ImageObject","inLanguage":"es","@id":"https:\/\/secure.gravatar.com\/avatar\/abd67359f51a3bbf443889279746e01267bf01e1ee2e6fb9106da36ad4ade3ed?s=96&d=mm&r=g","url":"https:\/\/secure.gravatar.com\/avatar\/abd67359f51a3bbf443889279746e01267bf01e1ee2e6fb9106da36ad4ade3ed?s=96&d=mm&r=g","contentUrl":"https:\/\/secure.gravatar.com\/avatar\/abd67359f51a3bbf443889279746e01267bf01e1ee2e6fb9106da36ad4ade3ed?s=96&d=mm&r=g","caption":"Chris Kuntz"},"description":"Vice President of Strategic Operations Augmentir","sameAs":["https:\/\/www.augmentir.com\/author\/chris-kuntz"],"url":"https:\/\/www.augmentir.com\/es\/author\/chris-kuntz"}]}},"modified_by":"Chris Kuntz","_links":{"self":[{"href":"https:\/\/www.augmentir.com\/es\/wp-json\/wp\/v2\/posts\/12439","targetHints":{"allow":["GET"]}}],"collection":[{"href":"https:\/\/www.augmentir.com\/es\/wp-json\/wp\/v2\/posts"}],"about":[{"href":"https:\/\/www.augmentir.com\/es\/wp-json\/wp\/v2\/types\/post"}],"author":[{"embeddable":true,"href":"https:\/\/www.augmentir.com\/es\/wp-json\/wp\/v2\/users\/1"}],"replies":[{"embeddable":true,"href":"https:\/\/www.augmentir.com\/es\/wp-json\/wp\/v2\/comments?post=12439"}],"version-history":[{"count":0,"href":"https:\/\/www.augmentir.com\/es\/wp-json\/wp\/v2\/posts\/12439\/revisions"}],"wp:featuredmedia":[{"embeddable":true,"href":"https:\/\/www.augmentir.com\/es\/wp-json\/wp\/v2\/media\/12440"}],"wp:attachment":[{"href":"https:\/\/www.augmentir.com\/es\/wp-json\/wp\/v2\/media?parent=12439"}],"wp:term":[{"taxonomy":"category","embeddable":true,"href":"https:\/\/www.augmentir.com\/es\/wp-json\/wp\/v2\/categories?post=12439"},{"taxonomy":"post_tag","embeddable":true,"href":"https:\/\/www.augmentir.com\/es\/wp-json\/wp\/v2\/tags?post=12439"}],"curies":[{"name":"wp","href":"https:\/\/api.w.org\/{rel}","templated":true}]}}