{"id":10527,"date":"2021-08-13T00:54:00","date_gmt":"2021-08-13T00:54:00","guid":{"rendered":"https:\/\/augmentir.com\/?p=10527"},"modified":"2023-12-18T17:52:42","modified_gmt":"2023-12-18T17:52:42","slug":"augmentir-recognized-in-4-gartner-hype-cycles-for-digital-transformation-and-connected-worker-innovation-in-manufacturing","status":"publish","type":"post","link":"https:\/\/www.augmentir.com\/es\/blog\/augmentir-recognized-in-4-gartner-hype-cycles-for-digital-transformation-and-connected-worker-innovation-in-manufacturing","title":{"rendered":"Augmentir reconocido en cuatro ciclos de Gartner Hype por la transformaci\u00f3n digital y la innovaci\u00f3n de los trabajadores conectados en la fabricaci\u00f3n."},"content":{"rendered":"<p>&nbsp;<\/p>\r\n<p>Augmentir fue reconocido recientemente por <a href=\"https:\/\/www.gartner.com\/en\" target=\"_blank\" rel=\"noreferrer noopener\">Gartner<\/a> En cuatro informes independientes sobre el Ciclo de Hiperactividad que abordan la innovaci\u00f3n tecnol\u00f3gica en la manufactura. Estos cuatro informes incluyen:<\/p>\r\n\r\n\r\n\r\n<ul class=\"wp-block-list\">\r\n<li>Ciclo de impulso para la transformaci\u00f3n digital y la innovaci\u00f3n en la manufactura, 2021<\/li>\r\n<li>Ciclo de expectativas para la estrategia de operaciones de fabricaci\u00f3n, 2021<\/li>\r\n<li>Ciclo de impulso para la optimizaci\u00f3n y modernizaci\u00f3n digital de la fabricaci\u00f3n, 2021<\/li>\r\n<li>Ciclo de expectativas para las tecnolog\u00edas de primera l\u00ednea, 2021<\/li>\r\n<\/ul>\r\n\r\n\r\n\r\n<p>En estos informes, Gartner destaca a Augmentir como un proveedor de software clave en las categor\u00edas de Trabajadores de F\u00e1brica Conectados y Experiencias Inmersivas en Operaciones de Fabricaci\u00f3n.<\/p>\r\n\r\n\r\n\r\n<ul class=\"wp-block-list\">\r\n<li><strong>Trabajador de f\u00e1brica conectado<\/strong>Los trabajadores de f\u00e1brica conectados utilizan diversas herramientas digitales para mejorar la seguridad, la calidad y la productividad de sus trabajos. Esta tecnolog\u00eda ayuda a conectar a los trabajadores con el tejido digital de la empresa, brind\u00e1ndoles informaci\u00f3n sobre sus tareas para optimizarlas y mejorarlas continuamente.<\/li>\r\n<li><strong>Experiencias inmersivas en operaciones de fabricaci\u00f3n<\/strong>Seg\u00fan Gartner, las experiencias inmersivas se refieren a permitir la percepci\u00f3n de estar f\u00edsicamente presente en un mundo no f\u00edsico o a enriquecer la presencia de las personas en el mundo f\u00edsico con contenido del mundo virtual. Gartner prev\u00e9 el uso de experiencias inmersivas para tareas de calidad y mantenimiento, la conexi\u00f3n y colaboraci\u00f3n remota con empleados que no pueden estar en las instalaciones, o el uso de wearables para la gesti\u00f3n de la seguridad.<\/li>\r\n<\/ul>\r\n\r\n\r\n\r\n<p><a href=\"https:\/\/www.gartner.com\/en\/research\/methodologies\/gartner-hype-cycle\" target=\"_blank\" rel=\"noreferrer noopener\">Estos informes sobre el ciclo de la exageraci\u00f3n<\/a> Gartner proporciona perfiles de innovaci\u00f3n para ayudar a las organizaciones a decidir qu\u00e9 nuevas innovaciones y tecnolog\u00edas adoptar, as\u00ed como qu\u00e9 valor pueden aportar a sus operaciones de fabricaci\u00f3n.<\/p>\r\n\r\n\r\n\r\n<h2 class=\"wp-block-heading\">Transformaci\u00f3n digital en la manufactura<\/h2>\r\n\r\n\r\n\r\n<p>Seg\u00fan Gartner, <span class=\"unbalanced-text\">La industria manufacturera se est\u00e1 transformando gracias a nuevos modelos de negocio y tecnolog\u00edas estrat\u00e9gicas e innovadoras que se integran en la Industria 4.0. Los fabricantes pueden aprovechar los avances en inteligencia artificial (IA), visualizaci\u00f3n, colaboraci\u00f3n y una mayor conectividad entre empresas. <\/span><\/p>\r\n\r\n\r\n\r\n<p><span class=\"unbalanced-text\">Este fue el enfoque de los informes publicados recientemente por Gartner, que revelaron oportunidades para que los l\u00edderes de manufactura obtengan ventajas comerciales mediante conceptos y tecnolog\u00edas que mejoran la productividad y la toma de decisiones. Adem\u00e1s de agregar valor a las empresas manufactureras, ampl\u00edan las oportunidades de ventaja competitiva.<\/span><\/p>\r\n\r\n\r\n\r\n<h2 class=\"wp-block-heading\">El trabajador conectado: un primer paso para la transformaci\u00f3n digital en la fabricaci\u00f3n<\/h2>\r\n\r\n\r\n\r\n<p>Los fabricantes est\u00e1n comenzando a reconocer cu\u00e1n integrales son los trabajadores de primera l\u00ednea para el tejido digital de su empresa y que pasar por alto a estos trabajadores ha provocado que sus esfuerzos de transformaci\u00f3n digital no alcancen sus objetivos.<\/p>\r\n\r\n\r\n\r\n<p>Estos mismos l\u00edderes del sector invierten ahora en un enfoque integrado: dotan a sus equipos de primera l\u00ednea de soluciones para trabajadores conectados que utilizan tecnolog\u00edas como dispositivos m\u00f3viles y wearables, realidad aumentada y mixta (RA\/RM), herramientas de colaboraci\u00f3n remota e inteligencia artificial (IA). Las soluciones para trabajadores conectados que integran estas tecnolog\u00edas ayudan a conectar a una nueva clase de trabajadores y permiten a las organizaciones ofrecer de forma proactiva y continua el nivel adecuado de formaci\u00f3n, apoyo, orientaci\u00f3n y mejora.<\/p>\r\n\r\n\r\n\r\n<h2 class=\"wp-block-heading\">Optimizaci\u00f3n del rendimiento de los trabajadores con IA<\/h2>\r\n\r\n\r\n\r\n<p>A medida que los trabajadores se conectan m\u00e1s, las empresas tienen acceso a una nueva y rica fuente de datos de actividad, ejecuci\u00f3n y tribales y, con las herramientas de IA adecuadas, pueden obtener informaci\u00f3n en \u00e1reas donde existen las mayores oportunidades de mejora. <strong>La inteligencia artificial establece una base basada en datos para la mejora continua en las \u00e1reas de productividad, calidad y desarrollo de la fuerza laboral.<\/strong>, preparando el escenario para abordar las necesidades de una fuerza laboral en constante cambio.<\/p>\r\n\r\n\r\n\r\n<p>En Augmentir, consideramos que el prop\u00f3sito de una plataforma de trabajadores conectados no es simplemente brindar instrucciones y soporte remoto al personal de primera l\u00ednea, sino optimizar continuamente el rendimiento del ecosistema de trabajadores conectados. La inteligencia artificial tiene una capacidad \u00fanica para abordar las macrotendencias fundamentales de la variabilidad de habilidades y la p\u00e9rdida de conocimiento ancestral en la fuerza laboral, y sienta las bases para mejoras basadas en datos en el rendimiento operativo y la mejora continua.<\/p>\r\n\r\n\r\n\r\n<blockquote class=\"wp-block-quote is-layout-flow wp-block-quote-is-layout-flow\">\r\n<p>La IA desempe\u00f1ar\u00e1 un papel fundamental en el \u00e9xito a largo plazo de los trabajadores de f\u00e1brica conectados. A medida que se recopila y se pone a disposici\u00f3n m\u00e1s informaci\u00f3n, es necesario entrenar continuamente los algoritmos en consonancia con las iniciativas de mejora continua, lo que crea el potencial para un mejor an\u00e1lisis de la causa ra\u00edz.<\/p>\r\n<cite>Gartner<\/cite><\/blockquote>\r\n\r\n\r\n\r\n<p>Con un ecosistema de autores de contenido, personal de primera l\u00ednea, expertos en la materia, gerentes de operaciones, ingenieros de mejora continua y especialistas en calidad, existen numerosas oportunidades para mejorar el rendimiento mediante IA. Por ejemplo, tras varios meses de implementaci\u00f3n de Augmentir, nuestro motor de IA comenzar\u00e1 a identificar patrones en los datos que le permitir\u00e1n centrar sus esfuerzos en las \u00e1reas con mayor satisfacci\u00f3n del cliente, productividad y oportunidades de desarrollo de la fuerza laboral. Esto le permitir\u00e1 responder preguntas como:<\/p>\r\n\r\n\r\n\r\n<ul class=\"wp-block-list\">\r\n<li>\u00bfD\u00f3nde deber\u00eda invertir para obtener la mayor mejora en el rendimiento operativo?<\/li>\r\n<li>\u00bfQu\u00e9 tareas de fabricaci\u00f3n tienen la mayor oportunidad de productividad o calidad?<\/li>\r\n<li>\u00bfEn qu\u00e9 \u00e1reas el entrenamiento espec\u00edfico me brindar\u00eda el mayor rendimiento?<\/li>\r\n<\/ul>\r\n\r\n\r\n\r\n<p><strong>La IA de Augmentir<\/strong>\u00a0actualiza continuamente sus conocimientos para permitir a las empresas centrarse en sus \u00e1reas de oportunidad m\u00e1s grandes, lo que le permite ofrecer mejoras a\u00f1o tras a\u00f1o en m\u00e9tricas operativas clave.<\/p>\r\n\r\n\r\n\r\n<h2 class=\"wp-block-heading\">\u00bfInteresado en aprender m\u00e1s?<\/h2>\r\n\r\n\r\n\r\n<p>Si desea obtener m\u00e1s informaci\u00f3n sobre Augmentir y ver c\u00f3mo nuestra plataforma de trabajadores conectados impulsada por IA mejora la seguridad, la calidad y la productividad de toda su fuerza laboral,\u00a0<a href=\"https:\/\/www.augmentir.com\/request-a-demo\">programar una demostraci\u00f3n<\/a> con uno de nuestros expertos en productos.<\/p>\r\n<p>&nbsp;<\/p>","protected":false},"excerpt":{"rendered":"<p>13 de agosto de 2021<\/p>","protected":false},"author":1,"featured_media":11628,"comment_status":"closed","ping_status":"open","sticky":false,"template":"","format":"standard","meta":{"inline_featured_image":false,"_lmt_disableupdate":"no","_lmt_disable":"","footnotes":""},"categories":[4],"tags":[48,47,29,46,49,50],"class_list":["post-10527","post","type-post","status-publish","format-standard","has-post-thumbnail","hentry","category-blog","tag-ai","tag-connected-worker","tag-digital-transformation","tag-gartner-hype-cycle","tag-innovation","tag-manufacturing"],"yoast_head":"<!-- This site is optimized with the Yoast SEO plugin v27.2 - https:\/\/yoast.com\/product\/yoast-seo-wordpress\/ -->\n<title>Augmentir Recognized in 4 Gartner Hype Cycles for Digital Transformation and Connected Worker Innovation in Manufacturing - Augmentir<\/title>\n<meta name=\"description\" content=\"Gartner Hype Cycle highlights Augmentir for connected worker solutions, digital transformation, and innovation in manufacturing.\" \/>\n<meta name=\"robots\" content=\"index, follow, max-snippet:-1, max-image-preview:large, max-video-preview:-1\" \/>\n<link rel=\"canonical\" href=\"https:\/\/www.augmentir.com\/es\/blog\/augmentir-recognized-in-4-gartner-hype-cycles-for-digital-transformation-and-connected-worker-innovation-in-manufacturing\" \/>\n<meta property=\"og:locale\" content=\"es_ES\" \/>\n<meta property=\"og:type\" content=\"article\" \/>\n<meta property=\"og:title\" content=\"Augmentir Recognized in 4 Gartner Hype Cycles for Digital Transformation and Connected Worker Innovation in Manufacturing - Augmentir\" \/>\n<meta property=\"og:description\" content=\"Gartner Hype Cycle highlights Augmentir for connected worker solutions, digital transformation, and innovation in manufacturing.\" \/>\n<meta property=\"og:url\" content=\"https:\/\/www.augmentir.com\/es\/blog\/augmentir-recognized-in-4-gartner-hype-cycles-for-digital-transformation-and-connected-worker-innovation-in-manufacturing\" \/>\n<meta property=\"og:site_name\" content=\"Augmentir\" \/>\n<meta property=\"article:published_time\" content=\"2021-08-13T00:54:00+00:00\" \/>\n<meta property=\"article:modified_time\" content=\"2023-12-18T17:52:42+00:00\" \/>\n<meta property=\"og:image\" content=\"https:\/\/www.augmentir.com\/wp-content\/uploads\/2021\/08\/augmentir-recognized-in-gartner-hype-cycles-manufacturing-digital-transformation-2.png\" \/>\n\t<meta property=\"og:image:width\" content=\"1200\" \/>\n\t<meta property=\"og:image:height\" content=\"630\" \/>\n\t<meta property=\"og:image:type\" content=\"image\/png\" \/>\n<meta name=\"author\" content=\"Chris Kuntz\" \/>\n<meta name=\"twitter:card\" content=\"summary_large_image\" \/>\n<meta name=\"twitter:creator\" content=\"@augmentir\" \/>\n<meta name=\"twitter:site\" content=\"@augmentir\" \/>\n<script type=\"application\/ld+json\" class=\"yoast-schema-graph\">{\"@context\":\"https:\/\/schema.org\",\"@graph\":[{\"@type\":\"Article\",\"@id\":\"https:\/\/www.augmentir.com\/blog\/augmentir-recognized-in-4-gartner-hype-cycles-for-digital-transformation-and-connected-worker-innovation-in-manufacturing#article\",\"isPartOf\":{\"@id\":\"https:\/\/www.augmentir.com\/blog\/augmentir-recognized-in-4-gartner-hype-cycles-for-digital-transformation-and-connected-worker-innovation-in-manufacturing\"},\"author\":{\"name\":\"Chris Kuntz\",\"@id\":\"https:\/\/www.augmentir.com\/#\/schema\/person\/a873d3191dd1f8d87b6c61258e92d07b\"},\"headline\":\"Augmentir Recognized in 4 Gartner Hype Cycles for Digital Transformation and Connected Worker Innovation in Manufacturing\",\"datePublished\":\"2021-08-13T00:54:00+00:00\",\"dateModified\":\"2023-12-18T17:52:42+00:00\",\"mainEntityOfPage\":{\"@id\":\"https:\/\/www.augmentir.com\/blog\/augmentir-recognized-in-4-gartner-hype-cycles-for-digital-transformation-and-connected-worker-innovation-in-manufacturing\"},\"wordCount\":812,\"publisher\":{\"@id\":\"https:\/\/www.augmentir.com\/#organization\"},\"image\":{\"@id\":\"https:\/\/www.augmentir.com\/blog\/augmentir-recognized-in-4-gartner-hype-cycles-for-digital-transformation-and-connected-worker-innovation-in-manufacturing#primaryimage\"},\"thumbnailUrl\":\"https:\/\/www.augmentir.com\/wp-content\/uploads\/2021\/08\/augmentir-recognized-in-gartner-hype-cycles-manufacturing-digital-transformation-2.png\",\"keywords\":[\"ai\",\"connected worker\",\"digital transformation\",\"gartner hype cycle\",\"innovation\",\"manufacturing\"],\"articleSection\":[\"Blog\"],\"inLanguage\":\"es\"},{\"@type\":\"WebPage\",\"@id\":\"https:\/\/www.augmentir.com\/blog\/augmentir-recognized-in-4-gartner-hype-cycles-for-digital-transformation-and-connected-worker-innovation-in-manufacturing\",\"url\":\"https:\/\/www.augmentir.com\/blog\/augmentir-recognized-in-4-gartner-hype-cycles-for-digital-transformation-and-connected-worker-innovation-in-manufacturing\",\"name\":\"Augmentir Recognized in 4 Gartner Hype Cycles for Digital Transformation and Connected Worker Innovation in Manufacturing - Augmentir\",\"isPartOf\":{\"@id\":\"https:\/\/www.augmentir.com\/#website\"},\"primaryImageOfPage\":{\"@id\":\"https:\/\/www.augmentir.com\/blog\/augmentir-recognized-in-4-gartner-hype-cycles-for-digital-transformation-and-connected-worker-innovation-in-manufacturing#primaryimage\"},\"image\":{\"@id\":\"https:\/\/www.augmentir.com\/blog\/augmentir-recognized-in-4-gartner-hype-cycles-for-digital-transformation-and-connected-worker-innovation-in-manufacturing#primaryimage\"},\"thumbnailUrl\":\"https:\/\/www.augmentir.com\/wp-content\/uploads\/2021\/08\/augmentir-recognized-in-gartner-hype-cycles-manufacturing-digital-transformation-2.png\",\"datePublished\":\"2021-08-13T00:54:00+00:00\",\"dateModified\":\"2023-12-18T17:52:42+00:00\",\"description\":\"Gartner Hype Cycle highlights Augmentir for connected worker solutions, digital transformation, and innovation in manufacturing.\",\"breadcrumb\":{\"@id\":\"https:\/\/www.augmentir.com\/blog\/augmentir-recognized-in-4-gartner-hype-cycles-for-digital-transformation-and-connected-worker-innovation-in-manufacturing#breadcrumb\"},\"inLanguage\":\"es\",\"potentialAction\":[{\"@type\":\"ReadAction\",\"target\":[\"https:\/\/www.augmentir.com\/blog\/augmentir-recognized-in-4-gartner-hype-cycles-for-digital-transformation-and-connected-worker-innovation-in-manufacturing\"]}]},{\"@type\":\"ImageObject\",\"inLanguage\":\"es\",\"@id\":\"https:\/\/www.augmentir.com\/blog\/augmentir-recognized-in-4-gartner-hype-cycles-for-digital-transformation-and-connected-worker-innovation-in-manufacturing#primaryimage\",\"url\":\"https:\/\/www.augmentir.com\/wp-content\/uploads\/2021\/08\/augmentir-recognized-in-gartner-hype-cycles-manufacturing-digital-transformation-2.png\",\"contentUrl\":\"https:\/\/www.augmentir.com\/wp-content\/uploads\/2021\/08\/augmentir-recognized-in-gartner-hype-cycles-manufacturing-digital-transformation-2.png\",\"width\":1200,\"height\":630,\"caption\":\"Augmentir recognized in Gartner Hype Cycle for Manufacturing Digital Transformation\"},{\"@type\":\"BreadcrumbList\",\"@id\":\"https:\/\/www.augmentir.com\/blog\/augmentir-recognized-in-4-gartner-hype-cycles-for-digital-transformation-and-connected-worker-innovation-in-manufacturing#breadcrumb\",\"itemListElement\":[{\"@type\":\"ListItem\",\"position\":1,\"name\":\"Home\",\"item\":\"https:\/\/www.augmentir.com\/\"},{\"@type\":\"ListItem\",\"position\":2,\"name\":\"Augmentir Recognized in 4 Gartner Hype Cycles for Digital Transformation and Connected Worker Innovation in Manufacturing\"}]},{\"@type\":\"WebSite\",\"@id\":\"https:\/\/www.augmentir.com\/#website\",\"url\":\"https:\/\/www.augmentir.com\/\",\"name\":\"Augmentir\",\"description\":\"AI-Powered Connected Worker Platform\",\"publisher\":{\"@id\":\"https:\/\/www.augmentir.com\/#organization\"},\"potentialAction\":[{\"@type\":\"SearchAction\",\"target\":{\"@type\":\"EntryPoint\",\"urlTemplate\":\"https:\/\/www.augmentir.com\/?s={search_term_string}\"},\"query-input\":{\"@type\":\"PropertyValueSpecification\",\"valueRequired\":true,\"valueName\":\"search_term_string\"}}],\"inLanguage\":\"es\"},{\"@type\":\"Organization\",\"@id\":\"https:\/\/www.augmentir.com\/#organization\",\"name\":\"Augmentir, Inc.\",\"url\":\"https:\/\/www.augmentir.com\/\",\"logo\":{\"@type\":\"ImageObject\",\"inLanguage\":\"es\",\"@id\":\"https:\/\/www.augmentir.com\/#\/schema\/logo\/image\/\",\"url\":\"https:\/\/www.augmentir.com\/wp-content\/uploads\/2021\/10\/Augmentir_Logo.svg\",\"contentUrl\":\"https:\/\/www.augmentir.com\/wp-content\/uploads\/2021\/10\/Augmentir_Logo.svg\",\"width\":\"1200\",\"height\":\"1200\",\"caption\":\"Augmentir, Inc.\"},\"image\":{\"@id\":\"https:\/\/www.augmentir.com\/#\/schema\/logo\/image\/\"},\"sameAs\":[\"https:\/\/x.com\/augmentir\",\"https:\/\/www.linkedin.com\/company\/augmentir\"]},{\"@type\":\"Person\",\"@id\":\"https:\/\/www.augmentir.com\/#\/schema\/person\/a873d3191dd1f8d87b6c61258e92d07b\",\"name\":\"Chris Kuntz\",\"image\":{\"@type\":\"ImageObject\",\"inLanguage\":\"es\",\"@id\":\"https:\/\/secure.gravatar.com\/avatar\/abd67359f51a3bbf443889279746e01267bf01e1ee2e6fb9106da36ad4ade3ed?s=96&d=mm&r=g\",\"url\":\"https:\/\/secure.gravatar.com\/avatar\/abd67359f51a3bbf443889279746e01267bf01e1ee2e6fb9106da36ad4ade3ed?s=96&d=mm&r=g\",\"contentUrl\":\"https:\/\/secure.gravatar.com\/avatar\/abd67359f51a3bbf443889279746e01267bf01e1ee2e6fb9106da36ad4ade3ed?s=96&d=mm&r=g\",\"caption\":\"Chris Kuntz\"},\"description\":\"Vice President of Strategic Operations Augmentir\",\"sameAs\":[\"https:\/\/www.augmentir.com\/author\/chris-kuntz\"],\"url\":\"https:\/\/www.augmentir.com\/es\/author\/chris-kuntz\"}]}<\/script>\n<!-- \/ Yoast SEO plugin. -->","yoast_head_json":{"title":"Augmentir Recognized in 4 Gartner Hype Cycles for Digital Transformation and Connected Worker Innovation in Manufacturing - Augmentir","description":"Gartner Hype Cycle highlights Augmentir for connected worker solutions, digital transformation, and innovation in manufacturing.","robots":{"index":"index","follow":"follow","max-snippet":"max-snippet:-1","max-image-preview":"max-image-preview:large","max-video-preview":"max-video-preview:-1"},"canonical":"https:\/\/www.augmentir.com\/es\/blog\/augmentir-recognized-in-4-gartner-hype-cycles-for-digital-transformation-and-connected-worker-innovation-in-manufacturing","og_locale":"es_ES","og_type":"article","og_title":"Augmentir Recognized in 4 Gartner Hype Cycles for Digital Transformation and Connected Worker Innovation in Manufacturing - Augmentir","og_description":"Gartner Hype Cycle highlights Augmentir for connected worker solutions, digital transformation, and innovation in manufacturing.","og_url":"https:\/\/www.augmentir.com\/es\/blog\/augmentir-recognized-in-4-gartner-hype-cycles-for-digital-transformation-and-connected-worker-innovation-in-manufacturing","og_site_name":"Augmentir","article_published_time":"2021-08-13T00:54:00+00:00","article_modified_time":"2023-12-18T17:52:42+00:00","og_image":[{"width":1200,"height":630,"url":"https:\/\/www.augmentir.com\/wp-content\/uploads\/2021\/08\/augmentir-recognized-in-gartner-hype-cycles-manufacturing-digital-transformation-2.png","type":"image\/png"}],"author":"Chris Kuntz","twitter_card":"summary_large_image","twitter_creator":"@augmentir","twitter_site":"@augmentir","schema":{"@context":"https:\/\/schema.org","@graph":[{"@type":"Article","@id":"https:\/\/www.augmentir.com\/blog\/augmentir-recognized-in-4-gartner-hype-cycles-for-digital-transformation-and-connected-worker-innovation-in-manufacturing#article","isPartOf":{"@id":"https:\/\/www.augmentir.com\/blog\/augmentir-recognized-in-4-gartner-hype-cycles-for-digital-transformation-and-connected-worker-innovation-in-manufacturing"},"author":{"name":"Chris Kuntz","@id":"https:\/\/www.augmentir.com\/#\/schema\/person\/a873d3191dd1f8d87b6c61258e92d07b"},"headline":"Augmentir Recognized in 4 Gartner Hype Cycles for Digital Transformation and Connected Worker Innovation in Manufacturing","datePublished":"2021-08-13T00:54:00+00:00","dateModified":"2023-12-18T17:52:42+00:00","mainEntityOfPage":{"@id":"https:\/\/www.augmentir.com\/blog\/augmentir-recognized-in-4-gartner-hype-cycles-for-digital-transformation-and-connected-worker-innovation-in-manufacturing"},"wordCount":812,"publisher":{"@id":"https:\/\/www.augmentir.com\/#organization"},"image":{"@id":"https:\/\/www.augmentir.com\/blog\/augmentir-recognized-in-4-gartner-hype-cycles-for-digital-transformation-and-connected-worker-innovation-in-manufacturing#primaryimage"},"thumbnailUrl":"https:\/\/www.augmentir.com\/wp-content\/uploads\/2021\/08\/augmentir-recognized-in-gartner-hype-cycles-manufacturing-digital-transformation-2.png","keywords":["ai","connected worker","digital transformation","gartner hype cycle","innovation","manufacturing"],"articleSection":["Blog"],"inLanguage":"es"},{"@type":"WebPage","@id":"https:\/\/www.augmentir.com\/blog\/augmentir-recognized-in-4-gartner-hype-cycles-for-digital-transformation-and-connected-worker-innovation-in-manufacturing","url":"https:\/\/www.augmentir.com\/blog\/augmentir-recognized-in-4-gartner-hype-cycles-for-digital-transformation-and-connected-worker-innovation-in-manufacturing","name":"Augmentir Recognized in 4 Gartner Hype Cycles for Digital Transformation and Connected Worker Innovation in Manufacturing - Augmentir","isPartOf":{"@id":"https:\/\/www.augmentir.com\/#website"},"primaryImageOfPage":{"@id":"https:\/\/www.augmentir.com\/blog\/augmentir-recognized-in-4-gartner-hype-cycles-for-digital-transformation-and-connected-worker-innovation-in-manufacturing#primaryimage"},"image":{"@id":"https:\/\/www.augmentir.com\/blog\/augmentir-recognized-in-4-gartner-hype-cycles-for-digital-transformation-and-connected-worker-innovation-in-manufacturing#primaryimage"},"thumbnailUrl":"https:\/\/www.augmentir.com\/wp-content\/uploads\/2021\/08\/augmentir-recognized-in-gartner-hype-cycles-manufacturing-digital-transformation-2.png","datePublished":"2021-08-13T00:54:00+00:00","dateModified":"2023-12-18T17:52:42+00:00","description":"Gartner Hype Cycle highlights Augmentir for connected worker solutions, digital transformation, and innovation in manufacturing.","breadcrumb":{"@id":"https:\/\/www.augmentir.com\/blog\/augmentir-recognized-in-4-gartner-hype-cycles-for-digital-transformation-and-connected-worker-innovation-in-manufacturing#breadcrumb"},"inLanguage":"es","potentialAction":[{"@type":"ReadAction","target":["https:\/\/www.augmentir.com\/blog\/augmentir-recognized-in-4-gartner-hype-cycles-for-digital-transformation-and-connected-worker-innovation-in-manufacturing"]}]},{"@type":"ImageObject","inLanguage":"es","@id":"https:\/\/www.augmentir.com\/blog\/augmentir-recognized-in-4-gartner-hype-cycles-for-digital-transformation-and-connected-worker-innovation-in-manufacturing#primaryimage","url":"https:\/\/www.augmentir.com\/wp-content\/uploads\/2021\/08\/augmentir-recognized-in-gartner-hype-cycles-manufacturing-digital-transformation-2.png","contentUrl":"https:\/\/www.augmentir.com\/wp-content\/uploads\/2021\/08\/augmentir-recognized-in-gartner-hype-cycles-manufacturing-digital-transformation-2.png","width":1200,"height":630,"caption":"Augmentir recognized in Gartner Hype Cycle for Manufacturing Digital Transformation"},{"@type":"BreadcrumbList","@id":"https:\/\/www.augmentir.com\/blog\/augmentir-recognized-in-4-gartner-hype-cycles-for-digital-transformation-and-connected-worker-innovation-in-manufacturing#breadcrumb","itemListElement":[{"@type":"ListItem","position":1,"name":"Home","item":"https:\/\/www.augmentir.com\/"},{"@type":"ListItem","position":2,"name":"Augmentir Recognized in 4 Gartner Hype Cycles for Digital Transformation and Connected Worker Innovation in Manufacturing"}]},{"@type":"WebSite","@id":"https:\/\/www.augmentir.com\/#website","url":"https:\/\/www.augmentir.com\/","name":"Augmentir","description":"AI-Powered Connected Worker Platform","publisher":{"@id":"https:\/\/www.augmentir.com\/#organization"},"potentialAction":[{"@type":"SearchAction","target":{"@type":"EntryPoint","urlTemplate":"https:\/\/www.augmentir.com\/?s={search_term_string}"},"query-input":{"@type":"PropertyValueSpecification","valueRequired":true,"valueName":"search_term_string"}}],"inLanguage":"es"},{"@type":"Organization","@id":"https:\/\/www.augmentir.com\/#organization","name":"Augmentir, Inc.","url":"https:\/\/www.augmentir.com\/","logo":{"@type":"ImageObject","inLanguage":"es","@id":"https:\/\/www.augmentir.com\/#\/schema\/logo\/image\/","url":"https:\/\/www.augmentir.com\/wp-content\/uploads\/2021\/10\/Augmentir_Logo.svg","contentUrl":"https:\/\/www.augmentir.com\/wp-content\/uploads\/2021\/10\/Augmentir_Logo.svg","width":"1200","height":"1200","caption":"Augmentir, Inc."},"image":{"@id":"https:\/\/www.augmentir.com\/#\/schema\/logo\/image\/"},"sameAs":["https:\/\/x.com\/augmentir","https:\/\/www.linkedin.com\/company\/augmentir"]},{"@type":"Person","@id":"https:\/\/www.augmentir.com\/#\/schema\/person\/a873d3191dd1f8d87b6c61258e92d07b","name":"Chris Kuntz","image":{"@type":"ImageObject","inLanguage":"es","@id":"https:\/\/secure.gravatar.com\/avatar\/abd67359f51a3bbf443889279746e01267bf01e1ee2e6fb9106da36ad4ade3ed?s=96&d=mm&r=g","url":"https:\/\/secure.gravatar.com\/avatar\/abd67359f51a3bbf443889279746e01267bf01e1ee2e6fb9106da36ad4ade3ed?s=96&d=mm&r=g","contentUrl":"https:\/\/secure.gravatar.com\/avatar\/abd67359f51a3bbf443889279746e01267bf01e1ee2e6fb9106da36ad4ade3ed?s=96&d=mm&r=g","caption":"Chris Kuntz"},"description":"Vice President of Strategic Operations Augmentir","sameAs":["https:\/\/www.augmentir.com\/author\/chris-kuntz"],"url":"https:\/\/www.augmentir.com\/es\/author\/chris-kuntz"}]}},"modified_by":null,"_links":{"self":[{"href":"https:\/\/www.augmentir.com\/es\/wp-json\/wp\/v2\/posts\/10527","targetHints":{"allow":["GET"]}}],"collection":[{"href":"https:\/\/www.augmentir.com\/es\/wp-json\/wp\/v2\/posts"}],"about":[{"href":"https:\/\/www.augmentir.com\/es\/wp-json\/wp\/v2\/types\/post"}],"author":[{"embeddable":true,"href":"https:\/\/www.augmentir.com\/es\/wp-json\/wp\/v2\/users\/1"}],"replies":[{"embeddable":true,"href":"https:\/\/www.augmentir.com\/es\/wp-json\/wp\/v2\/comments?post=10527"}],"version-history":[{"count":0,"href":"https:\/\/www.augmentir.com\/es\/wp-json\/wp\/v2\/posts\/10527\/revisions"}],"wp:featuredmedia":[{"embeddable":true,"href":"https:\/\/www.augmentir.com\/es\/wp-json\/wp\/v2\/media\/11628"}],"wp:attachment":[{"href":"https:\/\/www.augmentir.com\/es\/wp-json\/wp\/v2\/media?parent=10527"}],"wp:term":[{"taxonomy":"category","embeddable":true,"href":"https:\/\/www.augmentir.com\/es\/wp-json\/wp\/v2\/categories?post=10527"},{"taxonomy":"post_tag","embeddable":true,"href":"https:\/\/www.augmentir.com\/es\/wp-json\/wp\/v2\/tags?post=10527"}],"curies":[{"name":"wp","href":"https:\/\/api.w.org\/{rel}","templated":true}]}}