{"id":3951,"date":"2019-07-18T17:01:26","date_gmt":"2019-07-18T17:01:26","guid":{"rendered":"https:\/\/augmentir.com\/?p=3951"},"modified":"2025-11-27T02:14:48","modified_gmt":"2025-11-27T02:14:48","slug":"a-letter-from-the-ceo-augmentir-closes-funding-round-to-accelerate-expansion","status":"publish","type":"post","link":"https:\/\/www.augmentir.com\/de\/blog\/a-letter-from-the-ceo-augmentir-closes-funding-round-to-accelerate-expansion","title":{"rendered":"Ein Brief des CEO: Augmentir schlie\u00dft Finanzierungsrunde zur Beschleunigung der KI-Erweiterung ab"},"content":{"rendered":"<a href=\"https:\/\/www.augmentir.com\/wp-content\/uploads\/2019\/07\/WP-Blog-Header.jpg\"><img decoding=\"async\" class=\"alignnone wp-image-3960\" title=\"Ein Brief des CEO: Augmentir schlie\u00dft Finanzierungsrunde ab, um die Expansion zu beschleunigen\" src=\"https:\/\/www.augmentir.com\/wp-content\/uploads\/2019\/07\/WP-Blog-Header-300x150.jpg\" alt=\"ar und ai\" width=\"1063\" height=\"531\" srcset=\"https:\/\/www.augmentir.com\/wp-content\/uploads\/2019\/07\/WP-Blog-Header-300x150.jpg 300w, https:\/\/www.augmentir.com\/wp-content\/uploads\/2019\/07\/WP-Blog-Header-768x384.jpg 768w, https:\/\/www.augmentir.com\/wp-content\/uploads\/2019\/07\/WP-Blog-Header-600x300.jpg 600w, https:\/\/www.augmentir.com\/wp-content\/uploads\/2019\/07\/WP-Blog-Header.jpg 1000w\" sizes=\"(max-width: 1063px) 100vw, 1063px\" \/><\/a>\r\nLiebe Augmentir-Kunden und Freunde \u2013 eine Anmerkung zur Augmentir-Finanzierung und KI-Erweiterung, diese Woche <a href=\"https:\/\/www.prnewswire.com\/news-releases\/augmentir-exits-stealth-and-closes-oversubscribed-funding-round-to-help-transform-the-frontline-workforce-with-its-ai-based-augmented-worker-platform-300885460.html\">wir gaben bekannt, dass wir eine \u00fcberzeichnete Finanzierungsrunde abgeschlossen haben<\/a> Dies unterst\u00fctzt Augmentirs Mission, die Mitarbeiter im Au\u00dfendienst mit unserer KI-basierten Augmented-Worker-Plattform zu transformieren. Diese Runde wurde von der f\u00fchrenden Risikokapitalgesellschaft Pritzker Group Venture Capital geleitet, unter Beteiligung von Lerer Hippeau, unseren aktuellen Investoren, und HOLT Ventures, dem strategischen Risikokapitalzweig von HOLT CAT. Der erfolgreiche Abschluss dieser Finanzierungsrunde best\u00e4tigt nicht nur Augmentir und unseren einzigartigen Ansatz, KI und AR zur Unterst\u00fctzung von Mitarbeitern im Au\u00dfendienst einzusetzen, sondern erm\u00f6glicht es uns auch, unsere globale Pr\u00e4senz auszubauen, die Funktionalit\u00e4t der Plattform weiter zu verbessern und sie f\u00fcr Unternehmen aller Gr\u00f6\u00dfen \u2013 ob klein, mittelst\u00e4ndisch oder gro\u00df \u2013 noch zug\u00e4nglicher zu machen. Gemeinsam mit unseren Investoren und Partnern freuen wir uns darauf, noch mehr Unternehmen, Mitarbeiter und Innovatoren zu erreichen und gleichzeitig die Zukunft der Arbeit zu gestalten. Mit einer einzigartigen und bew\u00e4hrten Erfolgsbilanz, die Gr\u00fcndungen bei Wonderware, Lighthammer und ThingWorx umfasst, verf\u00fcgt unser F\u00fchrungsteam \u00fcber die beispiellose Fachkompetenz, um die n\u00e4chste Software-Innovation zu liefern, die den Fertigungs- und Industriemarkt revolutionieren und die Mitarbeiter im Au\u00dfendienst der Zukunft pr\u00e4gen wird. Wir freuen uns darauf, diesen Weg gemeinsam mit Ihnen fortzusetzen, Ihre Mitarbeiter im Au\u00dfendienst mit erweiterten Verfahren zu unterst\u00fctzen und Ihr Unternehmen durch KI-gest\u00fctzte Erkenntnisse bei der kontinuierlichen Verbesserung zu unterst\u00fctzen. Vielen Dank! Mit freundlichen Gr\u00fc\u00dfen, Russ Fadel, CEO von Augmentir\r\n\r\n<div  class='avia-button-wrap avia-button-center  avia-builder-el-0  avia-builder-el-no-sibling' ><a href='\/news\/augmentir-closes-funding-to-help-transform-the-frontline-workforce-with-its-ai-based-augmented-worker-platform'  class='avia-button   avia-icon_select-yes-left-icon avia-color-custom avia-size-large avia-position-center'  target=\"_blank\"  style='background-color:#4a90e2; border-color:#4a90e2; color:#ffffff; ' ><span class='avia_button_icon avia_button_icon_left' aria-hidden='true' data-av_icon='' data-av_iconfont='entypo-fontello'><\/span><span class='avia_iconbox_title' >Lesen Sie die Pressemitteilung<\/span><\/a><\/div>\r\n<h2>\u00dcber Augmentir<\/h2>\r\nAugmentir ist die weltweit einzige Smart Connected Worker Suite. Augmentir wird von Fertigungs- und Dienstleistungsunternehmen eingesetzt, um ihren Mitarbeitern im Au\u00dfendienst optimale Leistungen zu erm\u00f6glichen und kontinuierlich Verbesserungen in Sicherheit, Qualit\u00e4t und Produktivit\u00e4t zu erzielen. Augmentir bietet ma\u00dfgeschneiderte, KI-gest\u00fctzte L\u00f6sungen f\u00fcr vernetzte Mitarbeiter, die die Erstellung und Erstellung von Standardarbeitsanweisungen f\u00fcr die Fertigung revolutionieren. Fordern Sie eine\u00a0<a href=\"https:\/\/www.augmentir.com\/request-a-demo\">Live-Demo<\/a>\u00a0Erfahren Sie noch heute mehr dar\u00fcber, warum f\u00fchrende Hersteller unsere L\u00f6sungen zur Verbesserung ihrer Fertigungsprozesse w\u00e4hlen.<!-- \/wp:post-content -->","protected":false},"excerpt":{"rendered":"<p>Liebe Augmentir-Kunden und Freunde \u2013 ein Hinweis zur Augmentir-Finanzierung und zur KI-Erweiterung, diese Woche haben wir bekannt gegeben, dass wir eine \u00fcberzeichnete Finanzierungsrunde abgeschlossen haben, die die Augmentir-Mission unterst\u00fctzen wird, die Belegschaft an vorderster Front mit unserer KI-basierten Augmented Worker-Plattform zu transformieren. Angef\u00fchrt wurde diese Runde von der f\u00fchrenden Risikokapitalgesellschaft Pritzker Group Venture Capital, [\u2026]<\/p>","protected":false},"author":3,"featured_media":3952,"comment_status":"closed","ping_status":"open","sticky":false,"template":"","format":"standard","meta":{"inline_featured_image":false,"_lmt_disableupdate":"no","_lmt_disable":"","footnotes":""},"categories":[4],"tags":[],"class_list":["post-3951","post","type-post","status-publish","format-standard","has-post-thumbnail","hentry","category-blog"],"yoast_head":"<!-- This site is optimized with the Yoast SEO plugin v27.2 - https:\/\/yoast.com\/product\/yoast-seo-wordpress\/ -->\n<title>A Letter From the CEO: Augmentir Closes Funding Round to Accelerate AI Expansion<\/title>\n<meta name=\"description\" content=\"Augmentir closes funding round to further validate unique approach of using AI and AR to support frontline workers with augmented procedures.\" \/>\n<meta name=\"robots\" content=\"index, follow, max-snippet:-1, max-image-preview:large, max-video-preview:-1\" \/>\n<link rel=\"canonical\" href=\"https:\/\/www.augmentir.com\/de\/blog\/a-letter-from-the-ceo-augmentir-closes-funding-round-to-accelerate-expansion\" \/>\n<meta property=\"og:locale\" content=\"de_DE\" \/>\n<meta property=\"og:type\" content=\"article\" \/>\n<meta property=\"og:title\" content=\"A Letter From the CEO: Augmentir Closes Funding Round to Accelerate AI Expansion\" \/>\n<meta property=\"og:description\" content=\"Augmentir closes funding round to further validate unique approach of using AI and AR to support frontline workers with augmented procedures.\" \/>\n<meta property=\"og:url\" content=\"https:\/\/www.augmentir.com\/de\/blog\/a-letter-from-the-ceo-augmentir-closes-funding-round-to-accelerate-expansion\" \/>\n<meta property=\"og:site_name\" content=\"Augmentir\" \/>\n<meta property=\"article:published_time\" content=\"2019-07-18T17:01:26+00:00\" \/>\n<meta property=\"article:modified_time\" content=\"2025-11-27T02:14:48+00:00\" \/>\n<meta property=\"og:image\" content=\"https:\/\/www.augmentir.com\/wp-content\/uploads\/2019\/07\/Campaign-Visual_Funding_Option-A1.jpg\" \/>\n\t<meta property=\"og:image:width\" content=\"1024\" \/>\n\t<meta property=\"og:image:height\" content=\"612\" \/>\n\t<meta property=\"og:image:type\" content=\"image\/jpeg\" \/>\n<meta name=\"author\" content=\"Russ Fadel\" \/>\n<meta name=\"twitter:card\" content=\"summary_large_image\" \/>\n<meta name=\"twitter:creator\" content=\"@augmentir\" \/>\n<meta name=\"twitter:site\" content=\"@augmentir\" \/>\n<script type=\"application\/ld+json\" class=\"yoast-schema-graph\">{\"@context\":\"https:\/\/schema.org\",\"@graph\":[{\"@type\":\"Article\",\"@id\":\"https:\/\/www.augmentir.com\/blog\/a-letter-from-the-ceo-augmentir-closes-funding-round-to-accelerate-expansion#article\",\"isPartOf\":{\"@id\":\"https:\/\/www.augmentir.com\/blog\/a-letter-from-the-ceo-augmentir-closes-funding-round-to-accelerate-expansion\"},\"author\":{\"name\":\"Russ Fadel\",\"@id\":\"https:\/\/www.augmentir.com\/#\/schema\/person\/0d92942b33913aca3c32ef76ddb562c5\"},\"headline\":\"A Letter From the CEO: Augmentir Closes Funding Round to Accelerate AI Expansion\",\"datePublished\":\"2019-07-18T17:01:26+00:00\",\"dateModified\":\"2025-11-27T02:14:48+00:00\",\"mainEntityOfPage\":{\"@id\":\"https:\/\/www.augmentir.com\/blog\/a-letter-from-the-ceo-augmentir-closes-funding-round-to-accelerate-expansion\"},\"wordCount\":368,\"publisher\":{\"@id\":\"https:\/\/www.augmentir.com\/#organization\"},\"image\":{\"@id\":\"https:\/\/www.augmentir.com\/blog\/a-letter-from-the-ceo-augmentir-closes-funding-round-to-accelerate-expansion#primaryimage\"},\"thumbnailUrl\":\"https:\/\/www.augmentir.com\/wp-content\/uploads\/2019\/07\/Campaign-Visual_Funding_Option-A1.jpg\",\"articleSection\":[\"Blog\"],\"inLanguage\":\"de-DE\"},{\"@type\":\"WebPage\",\"@id\":\"https:\/\/www.augmentir.com\/blog\/a-letter-from-the-ceo-augmentir-closes-funding-round-to-accelerate-expansion\",\"url\":\"https:\/\/www.augmentir.com\/blog\/a-letter-from-the-ceo-augmentir-closes-funding-round-to-accelerate-expansion\",\"name\":\"A Letter From the CEO: Augmentir Closes Funding Round to Accelerate AI Expansion\",\"isPartOf\":{\"@id\":\"https:\/\/www.augmentir.com\/#website\"},\"primaryImageOfPage\":{\"@id\":\"https:\/\/www.augmentir.com\/blog\/a-letter-from-the-ceo-augmentir-closes-funding-round-to-accelerate-expansion#primaryimage\"},\"image\":{\"@id\":\"https:\/\/www.augmentir.com\/blog\/a-letter-from-the-ceo-augmentir-closes-funding-round-to-accelerate-expansion#primaryimage\"},\"thumbnailUrl\":\"https:\/\/www.augmentir.com\/wp-content\/uploads\/2019\/07\/Campaign-Visual_Funding_Option-A1.jpg\",\"datePublished\":\"2019-07-18T17:01:26+00:00\",\"dateModified\":\"2025-11-27T02:14:48+00:00\",\"description\":\"Augmentir closes funding round to further validate unique approach of using AI and AR to support frontline workers with augmented procedures.\",\"breadcrumb\":{\"@id\":\"https:\/\/www.augmentir.com\/blog\/a-letter-from-the-ceo-augmentir-closes-funding-round-to-accelerate-expansion#breadcrumb\"},\"inLanguage\":\"de-DE\",\"potentialAction\":[{\"@type\":\"ReadAction\",\"target\":[\"https:\/\/www.augmentir.com\/blog\/a-letter-from-the-ceo-augmentir-closes-funding-round-to-accelerate-expansion\"]}]},{\"@type\":\"ImageObject\",\"inLanguage\":\"de-DE\",\"@id\":\"https:\/\/www.augmentir.com\/blog\/a-letter-from-the-ceo-augmentir-closes-funding-round-to-accelerate-expansion#primaryimage\",\"url\":\"https:\/\/www.augmentir.com\/wp-content\/uploads\/2019\/07\/Campaign-Visual_Funding_Option-A1.jpg\",\"contentUrl\":\"https:\/\/www.augmentir.com\/wp-content\/uploads\/2019\/07\/Campaign-Visual_Funding_Option-A1.jpg\",\"width\":1024,\"height\":612,\"caption\":\"Augmentir Closes Funding Round to Accelerate AI Expansion\"},{\"@type\":\"BreadcrumbList\",\"@id\":\"https:\/\/www.augmentir.com\/blog\/a-letter-from-the-ceo-augmentir-closes-funding-round-to-accelerate-expansion#breadcrumb\",\"itemListElement\":[{\"@type\":\"ListItem\",\"position\":1,\"name\":\"Home\",\"item\":\"https:\/\/www.augmentir.com\/\"},{\"@type\":\"ListItem\",\"position\":2,\"name\":\"A Letter From the CEO: Augmentir Closes Funding Round to Accelerate AI Expansion\"}]},{\"@type\":\"WebSite\",\"@id\":\"https:\/\/www.augmentir.com\/#website\",\"url\":\"https:\/\/www.augmentir.com\/\",\"name\":\"Augmentir\",\"description\":\"AI-Powered Connected Worker Platform\",\"publisher\":{\"@id\":\"https:\/\/www.augmentir.com\/#organization\"},\"potentialAction\":[{\"@type\":\"SearchAction\",\"target\":{\"@type\":\"EntryPoint\",\"urlTemplate\":\"https:\/\/www.augmentir.com\/?s={search_term_string}\"},\"query-input\":{\"@type\":\"PropertyValueSpecification\",\"valueRequired\":true,\"valueName\":\"search_term_string\"}}],\"inLanguage\":\"de-DE\"},{\"@type\":\"Organization\",\"@id\":\"https:\/\/www.augmentir.com\/#organization\",\"name\":\"Augmentir, Inc.\",\"url\":\"https:\/\/www.augmentir.com\/\",\"logo\":{\"@type\":\"ImageObject\",\"inLanguage\":\"de-DE\",\"@id\":\"https:\/\/www.augmentir.com\/#\/schema\/logo\/image\/\",\"url\":\"https:\/\/www.augmentir.com\/wp-content\/uploads\/2021\/10\/Augmentir_Logo.svg\",\"contentUrl\":\"https:\/\/www.augmentir.com\/wp-content\/uploads\/2021\/10\/Augmentir_Logo.svg\",\"width\":\"1200\",\"height\":\"1200\",\"caption\":\"Augmentir, Inc.\"},\"image\":{\"@id\":\"https:\/\/www.augmentir.com\/#\/schema\/logo\/image\/\"},\"sameAs\":[\"https:\/\/x.com\/augmentir\",\"https:\/\/www.linkedin.com\/company\/augmentir\"]},{\"@type\":\"Person\",\"@id\":\"https:\/\/www.augmentir.com\/#\/schema\/person\/0d92942b33913aca3c32ef76ddb562c5\",\"name\":\"Russ Fadel\",\"image\":{\"@type\":\"ImageObject\",\"inLanguage\":\"de-DE\",\"@id\":\"https:\/\/www.augmentir.com\/wp-content\/uploads\/2017\/02\/fadel-96x96.png\",\"url\":\"https:\/\/www.augmentir.com\/wp-content\/uploads\/2017\/02\/fadel-96x96.png\",\"contentUrl\":\"https:\/\/www.augmentir.com\/wp-content\/uploads\/2017\/02\/fadel-96x96.png\",\"caption\":\"Russ Fadel\"},\"description\":\"Co-Founder and CEO Augmentir\",\"sameAs\":[\"https:\/\/www.augmentir.com\/author\/russ-fadel\"],\"url\":\"https:\/\/www.augmentir.com\/de\/author\/russ-fadel\"}]}<\/script>\n<!-- \/ Yoast SEO plugin. -->","yoast_head_json":{"title":"A Letter From the CEO: Augmentir Closes Funding Round to Accelerate AI Expansion","description":"Augmentir closes funding round to further validate unique approach of using AI and AR to support frontline workers with augmented procedures.","robots":{"index":"index","follow":"follow","max-snippet":"max-snippet:-1","max-image-preview":"max-image-preview:large","max-video-preview":"max-video-preview:-1"},"canonical":"https:\/\/www.augmentir.com\/de\/blog\/a-letter-from-the-ceo-augmentir-closes-funding-round-to-accelerate-expansion","og_locale":"de_DE","og_type":"article","og_title":"A Letter From the CEO: Augmentir Closes Funding Round to Accelerate AI Expansion","og_description":"Augmentir closes funding round to further validate unique approach of using AI and AR to support frontline workers with augmented procedures.","og_url":"https:\/\/www.augmentir.com\/de\/blog\/a-letter-from-the-ceo-augmentir-closes-funding-round-to-accelerate-expansion","og_site_name":"Augmentir","article_published_time":"2019-07-18T17:01:26+00:00","article_modified_time":"2025-11-27T02:14:48+00:00","og_image":[{"width":1024,"height":612,"url":"https:\/\/www.augmentir.com\/wp-content\/uploads\/2019\/07\/Campaign-Visual_Funding_Option-A1.jpg","type":"image\/jpeg"}],"author":"Russ Fadel","twitter_card":"summary_large_image","twitter_creator":"@augmentir","twitter_site":"@augmentir","schema":{"@context":"https:\/\/schema.org","@graph":[{"@type":"Article","@id":"https:\/\/www.augmentir.com\/blog\/a-letter-from-the-ceo-augmentir-closes-funding-round-to-accelerate-expansion#article","isPartOf":{"@id":"https:\/\/www.augmentir.com\/blog\/a-letter-from-the-ceo-augmentir-closes-funding-round-to-accelerate-expansion"},"author":{"name":"Russ Fadel","@id":"https:\/\/www.augmentir.com\/#\/schema\/person\/0d92942b33913aca3c32ef76ddb562c5"},"headline":"A Letter From the CEO: Augmentir Closes Funding Round to Accelerate AI Expansion","datePublished":"2019-07-18T17:01:26+00:00","dateModified":"2025-11-27T02:14:48+00:00","mainEntityOfPage":{"@id":"https:\/\/www.augmentir.com\/blog\/a-letter-from-the-ceo-augmentir-closes-funding-round-to-accelerate-expansion"},"wordCount":368,"publisher":{"@id":"https:\/\/www.augmentir.com\/#organization"},"image":{"@id":"https:\/\/www.augmentir.com\/blog\/a-letter-from-the-ceo-augmentir-closes-funding-round-to-accelerate-expansion#primaryimage"},"thumbnailUrl":"https:\/\/www.augmentir.com\/wp-content\/uploads\/2019\/07\/Campaign-Visual_Funding_Option-A1.jpg","articleSection":["Blog"],"inLanguage":"de-DE"},{"@type":"WebPage","@id":"https:\/\/www.augmentir.com\/blog\/a-letter-from-the-ceo-augmentir-closes-funding-round-to-accelerate-expansion","url":"https:\/\/www.augmentir.com\/blog\/a-letter-from-the-ceo-augmentir-closes-funding-round-to-accelerate-expansion","name":"A Letter From the CEO: Augmentir Closes Funding Round to Accelerate AI Expansion","isPartOf":{"@id":"https:\/\/www.augmentir.com\/#website"},"primaryImageOfPage":{"@id":"https:\/\/www.augmentir.com\/blog\/a-letter-from-the-ceo-augmentir-closes-funding-round-to-accelerate-expansion#primaryimage"},"image":{"@id":"https:\/\/www.augmentir.com\/blog\/a-letter-from-the-ceo-augmentir-closes-funding-round-to-accelerate-expansion#primaryimage"},"thumbnailUrl":"https:\/\/www.augmentir.com\/wp-content\/uploads\/2019\/07\/Campaign-Visual_Funding_Option-A1.jpg","datePublished":"2019-07-18T17:01:26+00:00","dateModified":"2025-11-27T02:14:48+00:00","description":"Augmentir closes funding round to further validate unique approach of using AI and AR to support frontline workers with augmented procedures.","breadcrumb":{"@id":"https:\/\/www.augmentir.com\/blog\/a-letter-from-the-ceo-augmentir-closes-funding-round-to-accelerate-expansion#breadcrumb"},"inLanguage":"de-DE","potentialAction":[{"@type":"ReadAction","target":["https:\/\/www.augmentir.com\/blog\/a-letter-from-the-ceo-augmentir-closes-funding-round-to-accelerate-expansion"]}]},{"@type":"ImageObject","inLanguage":"de-DE","@id":"https:\/\/www.augmentir.com\/blog\/a-letter-from-the-ceo-augmentir-closes-funding-round-to-accelerate-expansion#primaryimage","url":"https:\/\/www.augmentir.com\/wp-content\/uploads\/2019\/07\/Campaign-Visual_Funding_Option-A1.jpg","contentUrl":"https:\/\/www.augmentir.com\/wp-content\/uploads\/2019\/07\/Campaign-Visual_Funding_Option-A1.jpg","width":1024,"height":612,"caption":"Augmentir Closes Funding Round to Accelerate AI Expansion"},{"@type":"BreadcrumbList","@id":"https:\/\/www.augmentir.com\/blog\/a-letter-from-the-ceo-augmentir-closes-funding-round-to-accelerate-expansion#breadcrumb","itemListElement":[{"@type":"ListItem","position":1,"name":"Home","item":"https:\/\/www.augmentir.com\/"},{"@type":"ListItem","position":2,"name":"A Letter From the CEO: Augmentir Closes Funding Round to Accelerate AI Expansion"}]},{"@type":"WebSite","@id":"https:\/\/www.augmentir.com\/#website","url":"https:\/\/www.augmentir.com\/","name":"Augmentir","description":"AI-Powered Connected Worker Platform","publisher":{"@id":"https:\/\/www.augmentir.com\/#organization"},"potentialAction":[{"@type":"SearchAction","target":{"@type":"EntryPoint","urlTemplate":"https:\/\/www.augmentir.com\/?s={search_term_string}"},"query-input":{"@type":"PropertyValueSpecification","valueRequired":true,"valueName":"search_term_string"}}],"inLanguage":"de-DE"},{"@type":"Organization","@id":"https:\/\/www.augmentir.com\/#organization","name":"Augmentir, Inc.","url":"https:\/\/www.augmentir.com\/","logo":{"@type":"ImageObject","inLanguage":"de-DE","@id":"https:\/\/www.augmentir.com\/#\/schema\/logo\/image\/","url":"https:\/\/www.augmentir.com\/wp-content\/uploads\/2021\/10\/Augmentir_Logo.svg","contentUrl":"https:\/\/www.augmentir.com\/wp-content\/uploads\/2021\/10\/Augmentir_Logo.svg","width":"1200","height":"1200","caption":"Augmentir, Inc."},"image":{"@id":"https:\/\/www.augmentir.com\/#\/schema\/logo\/image\/"},"sameAs":["https:\/\/x.com\/augmentir","https:\/\/www.linkedin.com\/company\/augmentir"]},{"@type":"Person","@id":"https:\/\/www.augmentir.com\/#\/schema\/person\/0d92942b33913aca3c32ef76ddb562c5","name":"Russ Fadel","image":{"@type":"ImageObject","inLanguage":"de-DE","@id":"https:\/\/www.augmentir.com\/wp-content\/uploads\/2017\/02\/fadel-96x96.png","url":"https:\/\/www.augmentir.com\/wp-content\/uploads\/2017\/02\/fadel-96x96.png","contentUrl":"https:\/\/www.augmentir.com\/wp-content\/uploads\/2017\/02\/fadel-96x96.png","caption":"Russ Fadel"},"description":"Co-Founder and CEO Augmentir","sameAs":["https:\/\/www.augmentir.com\/author\/russ-fadel"],"url":"https:\/\/www.augmentir.com\/de\/author\/russ-fadel"}]}},"modified_by":"Chris Kuntz","_links":{"self":[{"href":"https:\/\/www.augmentir.com\/de\/wp-json\/wp\/v2\/posts\/3951","targetHints":{"allow":["GET"]}}],"collection":[{"href":"https:\/\/www.augmentir.com\/de\/wp-json\/wp\/v2\/posts"}],"about":[{"href":"https:\/\/www.augmentir.com\/de\/wp-json\/wp\/v2\/types\/post"}],"author":[{"embeddable":true,"href":"https:\/\/www.augmentir.com\/de\/wp-json\/wp\/v2\/users\/3"}],"replies":[{"embeddable":true,"href":"https:\/\/www.augmentir.com\/de\/wp-json\/wp\/v2\/comments?post=3951"}],"version-history":[{"count":0,"href":"https:\/\/www.augmentir.com\/de\/wp-json\/wp\/v2\/posts\/3951\/revisions"}],"wp:featuredmedia":[{"embeddable":true,"href":"https:\/\/www.augmentir.com\/de\/wp-json\/wp\/v2\/media\/3952"}],"wp:attachment":[{"href":"https:\/\/www.augmentir.com\/de\/wp-json\/wp\/v2\/media?parent=3951"}],"wp:term":[{"taxonomy":"category","embeddable":true,"href":"https:\/\/www.augmentir.com\/de\/wp-json\/wp\/v2\/categories?post=3951"},{"taxonomy":"post_tag","embeddable":true,"href":"https:\/\/www.augmentir.com\/de\/wp-json\/wp\/v2\/tags?post=3951"}],"curies":[{"name":"wp","href":"https:\/\/api.w.org\/{rel}","templated":true}]}}