{"id":13418,"date":"2023-04-25T13:53:31","date_gmt":"2023-04-25T13:53:31","guid":{"rendered":"https:\/\/www.augmentir.com\/?p=13418"},"modified":"2024-11-01T10:19:39","modified_gmt":"2024-11-01T10:19:39","slug":"augmentir-named-2023-connected-worker-company-of-the-year-by-frost-sullivan","status":"publish","type":"post","link":"https:\/\/www.augmentir.com\/de\/news\/augmentir-named-2023-connected-worker-company-of-the-year-by-frost-sullivan","title":{"rendered":"Augmentir wurde von Frost &amp; Sullivan zum Connected Worker Company of the Year 2023 ernannt"},"content":{"rendered":"<p><strong>25. April 2023 \u2013 <\/strong><a href=\"http:\/\/www.frost.com\/\" target=\"_blank\" rel=\"noopener\">Frost &amp; Sullivan<\/a> hat k\u00fcrzlich die Branche der L\u00f6sungen f\u00fcr vernetzte Arbeitnehmer bewertet und Augmentir auf der Grundlage seiner Ergebnisse mit dem Global Company of the Year Award 2023 ausgezeichnet. Das Unternehmen bietet die einzige auf k\u00fcnstlicher Intelligenz (KI) basierende Plattform f\u00fcr vernetzte Arbeitnehmer f\u00fcr den Industriesektor. Augmentir hat sich einen tadellosen Ruf f\u00fcr die Bereitstellung eines beispiellosen Mehrwerts durch die Optimierung digitaler Arbeitsabl\u00e4ufe und die Verbesserung von Qualit\u00e4t, Leistung und Sicherheit erworben. Mit seiner au\u00dfergew\u00f6hnlichen Mischung aus F\u00fchrung, Tradition und Innovation positioniert sich das Unternehmen als bevorzugter Partner im Bereich Connected Worker.<\/p>\r\n<p><img decoding=\"async\" class=\"aligncenter wp-image-13421 size-full\" src=\"https:\/\/www.augmentir.com\/wp-content\/uploads\/2023\/04\/frost-sullivan-2023-company-of-year-augmentir.png\" alt=\"Augmentir wurde von Frost und Sullivan zum Connected Worker Company of the Year gek\u00fcrt\" width=\"1200\" height=\"630\" srcset=\"https:\/\/www.augmentir.com\/wp-content\/uploads\/2023\/04\/frost-sullivan-2023-company-of-year-augmentir.png 1200w, https:\/\/www.augmentir.com\/wp-content\/uploads\/2023\/04\/frost-sullivan-2023-company-of-year-augmentir-300x158.png 300w, https:\/\/www.augmentir.com\/wp-content\/uploads\/2023\/04\/frost-sullivan-2023-company-of-year-augmentir-768x403.png 768w, https:\/\/www.augmentir.com\/wp-content\/uploads\/2023\/04\/frost-sullivan-2023-company-of-year-augmentir-18x9.png 18w, https:\/\/www.augmentir.com\/wp-content\/uploads\/2023\/04\/frost-sullivan-2023-company-of-year-augmentir-705x370.png 705w\" sizes=\"(max-width: 1200px) 100vw, 1200px\" \/><\/p>\r\n<p style=\"margin: 1.5em 0 !important;\"><strong><a href=\"https:\/\/www.augmentir.com\/frost-sullivan-2023-connected-worker-company-of-the-year\">Lesen Sie hier den vollst\u00e4ndigen Bericht.<\/a><\/strong><\/p>\r\n<p>Die KI-gest\u00fctzte Connected-Worker-Plattform von Augmentir erm\u00f6glicht es Kunden, erhebliche Leistungssteigerungen, optimierte Prozesse, erh\u00f6hte Sicherheit und eine bessere Einhaltung gesetzlicher Vorschriften zu erleben. Die Plattform erg\u00e4nzt die bestehenden Unternehmenssoftwarel\u00f6sungen der Kunden und erm\u00f6glicht eine nahtlose Integration in bestehende Unternehmenssysteme, um End-to-End-Workflows f\u00fcr eine wirklich vernetzte Belegschaft an vorderster Front zu optimieren. Im Gegensatz zu anderen Connected-Worker-Plattformen bietet die L\u00f6sung von Augmentir eine gehostete Reihe von Integrationsdiensten, um eine tiefe Integration mit bestehenden Gesch\u00e4ftsprozessen innerhalb der Software-as-a-Service (SaaS)-L\u00f6sung von Augmentir zu erm\u00f6glichen. Augmentir steigert kontinuierlich seinen Kundenwert und erlangt weithin Anerkennung, die durch seine Kundenloyalit\u00e4t und Auszeichnungen von Research-Analysten belegt wird.<\/p>\r\n<blockquote>\r\n<p>\u201eDie L\u00f6sungen von Augmentir sind im Kern KI-getrieben; Dies ist ein enormer Differenzierungsfaktor, da den Plattformen aller anderen Wettbewerber diese grundlegende F\u00e4higkeit fehlt\u201c, sagte Michelle Funke, Best Practices Research Analyst bei Frost &amp; Sullivan. \u201eDas Unternehmen verfolgt einen viergleisigen Ansatz f\u00fcr vernetzte Arbeit, indem es auf Kompetenzmanagement, digitale Arbeitsabl\u00e4ufe, Zusammenarbeit und Wissensaustausch abzielt, um End-to-End-Ergebnisse f\u00fcr Industrieunternehmen und Mitarbeiter zu erzielen.\u201c<\/p>\r\n<\/blockquote>\r\n<p style=\"margin: 1.5em 0 !important;\"><strong><a href=\"https:\/\/www.augmentir.com\/frost-sullivan-2023-connected-worker-company-of-the-year\">Lesen Sie hier den vollst\u00e4ndigen Bericht.<\/a><\/strong><\/p>\r\n<p>Die KI-gesteuerten L\u00f6sungen von Augmentir f\u00f6rdern eine vernetzte Belegschaft und generieren umfangreiche Daten, die es Kunden erm\u00f6glichen, ma\u00dfgeschneiderte und pr\u00e4zisere Arbeitsanweisungen und Anleitungen zu liefern. Die Technologie erm\u00f6glicht eine effizientere und effektivere Kommunikation und tr\u00e4gt zu kontinuierlichen Sicherheits- und Qualit\u00e4tsverbesserungen bei. Im Gegensatz zu herk\u00f6mmlichen L\u00f6sungen \u00fcberwachen Augmentirs Skills-Management-Funktionen Mitarbeiterzertifizierungen, Vermerke und Genehmigungen, um die Sicherheit und die Einhaltung staatlicher Vorschriften zu verbessern, wodurch die Marktreichweite von Augmentir erweitert und der Umfang seiner Funktionalit\u00e4t erweitert wird. Augmentir unterh\u00e4lt starke Kundenbeziehungen, um kontinuierliche Zufriedenheit zu gew\u00e4hrleisten und eine wichtige Verbindung zum Markt aufrechtzuerhalten, wodurch es in die Lage versetzt wird, effektiv auf neue Trends und Schwachstellen zu reagieren.<\/p>\r\n<p>\u201eDas unersch\u00fctterliche Engagement von Augmentir f\u00fcr Kundennutzen, Innovation und Qualit\u00e4tsl\u00f6sungen hat sein betr\u00e4chtliches Wachstum trotz der j\u00fcngsten makro\u00f6konomischen und geopolitischen Herausforderungen vorangetrieben. Das Unternehmen hat seinen Umsatz im vergangenen Jahr verdreifacht, Dutzende neuer Kunden gewonnen, mehrere Mehrjahresvertr\u00e4ge mit bestehenden Kunden abgeschlossen und k\u00fcrzlich <a href=\"https:\/\/www.augmentir.com\/news\/augmentir-announces-new-round-of-funding-and-organizational-growth\">eine neue Finanzierungsrunde angek\u00fcndigt<\/a>\u201c, f\u00fcgte Sebastian Trolli, Senior Industry Analyst, Industrial Technologies bei Frost &amp; Sullivan, hinzu. F\u00fcr seine kundenorientierten Strategien, die Implementierung von Best Practices und seine starke Gesamtleistung erh\u00e4lt Augmentir den 2023 Global Company of the Year Award von Frost &amp; Sullivan in der Branche f\u00fcr L\u00f6sungen f\u00fcr vernetzte Arbeitnehmer.<\/p>\r\n<p>Frost &amp; Sullivan vergibt jedes Jahr einen \u201eCompany of the Year\u201c-Award an die Organisation, die hervorragende Leistungen in Bezug auf Wachstumsstrategie und Umsetzung in ihrem Bereich zeigt. Die Auszeichnung w\u00fcrdigt ein hohes Ma\u00df an Innovation bei Produkten und Technologien und die daraus resultierende F\u00fchrung in Bezug auf Kundennutzen und Marktdurchdringung.<\/p>\r\n<p>Frost &amp; Sullivan Best Practices Awards w\u00fcrdigen Unternehmen in verschiedenen regionalen und globalen M\u00e4rkten f\u00fcr herausragende Leistungen und \u00fcberlegene Leistungen in den Bereichen F\u00fchrung, technologische Innovation, Kundenservice und strategische Produktentwicklung. Branchenanalysten vergleichen Marktteilnehmer und messen die Leistung durch eingehende Interviews, Analysen und umfangreiche Sekund\u00e4rrecherchen, um Best Practices in der Branche zu identifizieren.<\/p>\r\n<p>&nbsp;<\/p>\r\n<div  class='avia-button-wrap avia-button-center  avia-builder-el-0  avia-builder-el-no-sibling' ><a href='https:\/\/www.augmentir.com\/request-a-demo'  class='avia-button   avia-icon_select-no avia-color-custom avia-size-x-large avia-position-center'  style='background-color:#fc704a; border-color:#fc704a; color:#ffffff; ' ><span class='avia_iconbox_title' >Demo anfragen<\/span><\/a><\/div>\r\n<p>&nbsp;<\/p>\r\n<p><img decoding=\"async\" class=\"aligncenter size-full wp-image-12953\" src=\"https:\/\/www.augmentir.com\/wp-content\/uploads\/2022\/07\/product-connected-worker-suite.png\" alt=\"vernetzte Worker-Plattform\" width=\"5240\" height=\"2154\" srcset=\"https:\/\/www.augmentir.com\/wp-content\/uploads\/2022\/07\/product-connected-worker-suite.png 5240w, https:\/\/www.augmentir.com\/wp-content\/uploads\/2022\/07\/product-connected-worker-suite-300x123.png 300w, https:\/\/www.augmentir.com\/wp-content\/uploads\/2022\/07\/product-connected-worker-suite-1200x493.png 1200w, https:\/\/www.augmentir.com\/wp-content\/uploads\/2022\/07\/product-connected-worker-suite-768x316.png 768w, https:\/\/www.augmentir.com\/wp-content\/uploads\/2022\/07\/product-connected-worker-suite-1536x631.png 1536w, https:\/\/www.augmentir.com\/wp-content\/uploads\/2022\/07\/product-connected-worker-suite-2048x842.png 2048w, https:\/\/www.augmentir.com\/wp-content\/uploads\/2022\/07\/product-connected-worker-suite-18x7.png 18w, https:\/\/www.augmentir.com\/wp-content\/uploads\/2022\/07\/product-connected-worker-suite-1500x617.png 1500w, https:\/\/www.augmentir.com\/wp-content\/uploads\/2022\/07\/product-connected-worker-suite-705x290.png 705w\" sizes=\"(max-width: 5240px) 100vw, 5240px\" \/><\/p>\r\n<p>&nbsp;<\/p>\r\n<p>&nbsp;<\/p>\r\n<p><strong>\u00dcber Frost &amp; Sullivan<\/strong><\/p>\r\n<p>Seit sechs Jahrzehnten ist Frost &amp; Sullivan weltweit daf\u00fcr bekannt, Investoren, Unternehmensleitern und Regierungen dabei zu helfen, wirtschaftliche Ver\u00e4nderungen zu bew\u00e4ltigen und disruptive Technologien, Megatrends, neue Gesch\u00e4ftsmodelle und Unternehmen zu identifizieren, um Ma\u00dfnahmen zu ergreifen, was zu einem kontinuierlichen Strom von Wachstumschancen f\u00fchrt zuk\u00fcnftigen Erfolg vorantreiben. Kontaktiere uns: <a href=\"https:\/\/ww2.frost.com\/contact-us\/\">Starten Sie die Diskussion<\/a>.<\/p>\r\n<p>&nbsp;<\/p>\r\n<p><strong>\u00dcber Augmentir<\/strong><\/p>\r\n<p>Augmentir\u2122 ist die weltweit einzige Smart Connected Worker-L\u00f6sung. Die Software von Augmentir umfasst eine vollst\u00e4ndige Suite von Funktionen f\u00fcr vernetzte Mitarbeiter, Konnektoren zu Gesch\u00e4ftssystemen und eine breite Erweiterbarkeit, die es Herstellern erm\u00f6glicht, ihre Frontline-Operationen zu digitalisieren, die Einarbeitungszeit zu verk\u00fcrzen und die Produktivit\u00e4t der Mitarbeiter zu steigern. Unternehmen in den Bereichen Fertigung, Dienstleistung, Energie und Bauwesen nutzen die Tools von Augmentir, um effektives Kompetenzmanagement, Schulungen, digitale Arbeitsabl\u00e4ufe und Zusammenarbeit f\u00fcr die dynamischeren Industriearbeiter von heute bereitzustellen. F\u00fcr weitere Informationen, besuchen Sie bitte <a href=\"https:\/\/www.augmentir.com\/\">www.augmentir.com<\/a>.\u00a0<\/p>","protected":false},"excerpt":{"rendered":"<p>Augmentirs massives Wachstum durch Kundenzufriedenheit, Wertsteigerung durch Partnerschaften, un\u00fcbertroffene Kundenbetreuung, Innovationsorientierung und Markentreue treibt seine starke F\u00fchrungsorientierung voran.<\/p>","protected":false},"author":1,"featured_media":13421,"comment_status":"closed","ping_status":"closed","sticky":false,"template":"","format":"standard","meta":{"inline_featured_image":false,"_lmt_disableupdate":"no","_lmt_disable":"","footnotes":""},"categories":[36],"tags":[227],"class_list":["post-13418","post","type-post","status-publish","format-standard","has-post-thumbnail","hentry","category-news","tag-awards"],"yoast_head":"<!-- This site is optimized with the Yoast SEO plugin v27.2 - https:\/\/yoast.com\/product\/yoast-seo-wordpress\/ -->\n<title>Augmentir Named 2023 Connected Worker Company of the Year by Frost &amp; Sullivan - Augmentir<\/title>\n<meta name=\"description\" content=\"Frost &amp; Sullivan has named Augmentir the 2023 Connected Worker Company of the Year in recognition of its business growth, customer impact, and unmatched product innovation.\" \/>\n<meta name=\"robots\" content=\"index, follow, max-snippet:-1, max-image-preview:large, max-video-preview:-1\" \/>\n<link rel=\"canonical\" href=\"https:\/\/www.augmentir.com\/de\/news\/augmentir-named-2023-connected-worker-company-of-the-year-by-frost-sullivan\" \/>\n<meta property=\"og:locale\" content=\"de_DE\" \/>\n<meta property=\"og:type\" content=\"article\" \/>\n<meta property=\"og:title\" content=\"Augmentir Named 2023 Connected Worker Company of the Year by Frost &amp; Sullivan - Augmentir\" \/>\n<meta property=\"og:description\" content=\"Frost &amp; Sullivan has named Augmentir the 2023 Connected Worker Company of the Year in recognition of its business growth, customer impact, and unmatched product innovation.\" \/>\n<meta property=\"og:url\" content=\"https:\/\/www.augmentir.com\/de\/news\/augmentir-named-2023-connected-worker-company-of-the-year-by-frost-sullivan\" \/>\n<meta property=\"og:site_name\" content=\"Augmentir\" \/>\n<meta property=\"article:published_time\" content=\"2023-04-25T13:53:31+00:00\" \/>\n<meta property=\"article:modified_time\" content=\"2024-11-01T10:19:39+00:00\" \/>\n<meta property=\"og:image\" content=\"https:\/\/www.augmentir.com\/wp-content\/uploads\/2023\/04\/frost-sullivan-2023-company-of-year-augmentir.png\" \/>\n\t<meta property=\"og:image:width\" content=\"1200\" \/>\n\t<meta property=\"og:image:height\" content=\"630\" \/>\n\t<meta property=\"og:image:type\" content=\"image\/png\" \/>\n<meta name=\"author\" content=\"Chris Kuntz\" \/>\n<meta name=\"twitter:card\" content=\"summary_large_image\" \/>\n<meta name=\"twitter:creator\" content=\"@augmentir\" \/>\n<meta name=\"twitter:site\" content=\"@augmentir\" \/>\n<script type=\"application\/ld+json\" class=\"yoast-schema-graph\">{\"@context\":\"https:\/\/schema.org\",\"@graph\":[{\"@type\":\"Article\",\"@id\":\"https:\/\/www.augmentir.com\/news\/augmentir-named-2023-connected-worker-company-of-the-year-by-frost-sullivan#article\",\"isPartOf\":{\"@id\":\"https:\/\/www.augmentir.com\/news\/augmentir-named-2023-connected-worker-company-of-the-year-by-frost-sullivan\"},\"author\":{\"name\":\"Chris Kuntz\",\"@id\":\"https:\/\/www.augmentir.com\/#\/schema\/person\/a873d3191dd1f8d87b6c61258e92d07b\"},\"headline\":\"Augmentir Named 2023 Connected Worker Company of the Year by Frost &#038; Sullivan\",\"datePublished\":\"2023-04-25T13:53:31+00:00\",\"dateModified\":\"2024-11-01T10:19:39+00:00\",\"mainEntityOfPage\":{\"@id\":\"https:\/\/www.augmentir.com\/news\/augmentir-named-2023-connected-worker-company-of-the-year-by-frost-sullivan\"},\"wordCount\":756,\"publisher\":{\"@id\":\"https:\/\/www.augmentir.com\/#organization\"},\"image\":{\"@id\":\"https:\/\/www.augmentir.com\/news\/augmentir-named-2023-connected-worker-company-of-the-year-by-frost-sullivan#primaryimage\"},\"thumbnailUrl\":\"https:\/\/www.augmentir.com\/wp-content\/uploads\/2023\/04\/frost-sullivan-2023-company-of-year-augmentir.png\",\"keywords\":[\"awards\"],\"articleSection\":[\"News\"],\"inLanguage\":\"de-DE\"},{\"@type\":\"WebPage\",\"@id\":\"https:\/\/www.augmentir.com\/news\/augmentir-named-2023-connected-worker-company-of-the-year-by-frost-sullivan\",\"url\":\"https:\/\/www.augmentir.com\/news\/augmentir-named-2023-connected-worker-company-of-the-year-by-frost-sullivan\",\"name\":\"Augmentir Named 2023 Connected Worker Company of the Year by Frost & Sullivan - Augmentir\",\"isPartOf\":{\"@id\":\"https:\/\/www.augmentir.com\/#website\"},\"primaryImageOfPage\":{\"@id\":\"https:\/\/www.augmentir.com\/news\/augmentir-named-2023-connected-worker-company-of-the-year-by-frost-sullivan#primaryimage\"},\"image\":{\"@id\":\"https:\/\/www.augmentir.com\/news\/augmentir-named-2023-connected-worker-company-of-the-year-by-frost-sullivan#primaryimage\"},\"thumbnailUrl\":\"https:\/\/www.augmentir.com\/wp-content\/uploads\/2023\/04\/frost-sullivan-2023-company-of-year-augmentir.png\",\"datePublished\":\"2023-04-25T13:53:31+00:00\",\"dateModified\":\"2024-11-01T10:19:39+00:00\",\"description\":\"Frost & Sullivan has named Augmentir the 2023 Connected Worker Company of the Year in recognition of its business growth, customer impact, and unmatched product innovation.\",\"breadcrumb\":{\"@id\":\"https:\/\/www.augmentir.com\/news\/augmentir-named-2023-connected-worker-company-of-the-year-by-frost-sullivan#breadcrumb\"},\"inLanguage\":\"de-DE\",\"potentialAction\":[{\"@type\":\"ReadAction\",\"target\":[\"https:\/\/www.augmentir.com\/news\/augmentir-named-2023-connected-worker-company-of-the-year-by-frost-sullivan\"]}]},{\"@type\":\"ImageObject\",\"inLanguage\":\"de-DE\",\"@id\":\"https:\/\/www.augmentir.com\/news\/augmentir-named-2023-connected-worker-company-of-the-year-by-frost-sullivan#primaryimage\",\"url\":\"https:\/\/www.augmentir.com\/wp-content\/uploads\/2023\/04\/frost-sullivan-2023-company-of-year-augmentir.png\",\"contentUrl\":\"https:\/\/www.augmentir.com\/wp-content\/uploads\/2023\/04\/frost-sullivan-2023-company-of-year-augmentir.png\",\"width\":1200,\"height\":630,\"caption\":\"Augmentir named connected worker company of the year by frost and sullivan\"},{\"@type\":\"BreadcrumbList\",\"@id\":\"https:\/\/www.augmentir.com\/news\/augmentir-named-2023-connected-worker-company-of-the-year-by-frost-sullivan#breadcrumb\",\"itemListElement\":[{\"@type\":\"ListItem\",\"position\":1,\"name\":\"Home\",\"item\":\"https:\/\/www.augmentir.com\/\"},{\"@type\":\"ListItem\",\"position\":2,\"name\":\"Augmentir Named 2023 Connected Worker Company of the Year by Frost &#038; Sullivan\"}]},{\"@type\":\"WebSite\",\"@id\":\"https:\/\/www.augmentir.com\/#website\",\"url\":\"https:\/\/www.augmentir.com\/\",\"name\":\"Augmentir\",\"description\":\"AI-Powered Connected Worker Platform\",\"publisher\":{\"@id\":\"https:\/\/www.augmentir.com\/#organization\"},\"potentialAction\":[{\"@type\":\"SearchAction\",\"target\":{\"@type\":\"EntryPoint\",\"urlTemplate\":\"https:\/\/www.augmentir.com\/?s={search_term_string}\"},\"query-input\":{\"@type\":\"PropertyValueSpecification\",\"valueRequired\":true,\"valueName\":\"search_term_string\"}}],\"inLanguage\":\"de-DE\"},{\"@type\":\"Organization\",\"@id\":\"https:\/\/www.augmentir.com\/#organization\",\"name\":\"Augmentir, Inc.\",\"url\":\"https:\/\/www.augmentir.com\/\",\"logo\":{\"@type\":\"ImageObject\",\"inLanguage\":\"de-DE\",\"@id\":\"https:\/\/www.augmentir.com\/#\/schema\/logo\/image\/\",\"url\":\"https:\/\/www.augmentir.com\/wp-content\/uploads\/2021\/10\/Augmentir_Logo.svg\",\"contentUrl\":\"https:\/\/www.augmentir.com\/wp-content\/uploads\/2021\/10\/Augmentir_Logo.svg\",\"width\":\"1200\",\"height\":\"1200\",\"caption\":\"Augmentir, Inc.\"},\"image\":{\"@id\":\"https:\/\/www.augmentir.com\/#\/schema\/logo\/image\/\"},\"sameAs\":[\"https:\/\/x.com\/augmentir\",\"https:\/\/www.linkedin.com\/company\/augmentir\"]},{\"@type\":\"Person\",\"@id\":\"https:\/\/www.augmentir.com\/#\/schema\/person\/a873d3191dd1f8d87b6c61258e92d07b\",\"name\":\"Chris Kuntz\",\"image\":{\"@type\":\"ImageObject\",\"inLanguage\":\"de-DE\",\"@id\":\"https:\/\/secure.gravatar.com\/avatar\/abd67359f51a3bbf443889279746e01267bf01e1ee2e6fb9106da36ad4ade3ed?s=96&d=mm&r=g\",\"url\":\"https:\/\/secure.gravatar.com\/avatar\/abd67359f51a3bbf443889279746e01267bf01e1ee2e6fb9106da36ad4ade3ed?s=96&d=mm&r=g\",\"contentUrl\":\"https:\/\/secure.gravatar.com\/avatar\/abd67359f51a3bbf443889279746e01267bf01e1ee2e6fb9106da36ad4ade3ed?s=96&d=mm&r=g\",\"caption\":\"Chris Kuntz\"},\"description\":\"Vice President of Strategic Operations Augmentir\",\"sameAs\":[\"https:\/\/www.augmentir.com\/author\/chris-kuntz\"],\"url\":\"https:\/\/www.augmentir.com\/de\/author\/chris-kuntz\"}]}<\/script>\n<!-- \/ Yoast SEO plugin. -->","yoast_head_json":{"title":"Augmentir Named 2023 Connected Worker Company of the Year by Frost & Sullivan - Augmentir","description":"Frost & Sullivan has named Augmentir the 2023 Connected Worker Company of the Year in recognition of its business growth, customer impact, and unmatched product innovation.","robots":{"index":"index","follow":"follow","max-snippet":"max-snippet:-1","max-image-preview":"max-image-preview:large","max-video-preview":"max-video-preview:-1"},"canonical":"https:\/\/www.augmentir.com\/de\/news\/augmentir-named-2023-connected-worker-company-of-the-year-by-frost-sullivan","og_locale":"de_DE","og_type":"article","og_title":"Augmentir Named 2023 Connected Worker Company of the Year by Frost & Sullivan - Augmentir","og_description":"Frost & Sullivan has named Augmentir the 2023 Connected Worker Company of the Year in recognition of its business growth, customer impact, and unmatched product innovation.","og_url":"https:\/\/www.augmentir.com\/de\/news\/augmentir-named-2023-connected-worker-company-of-the-year-by-frost-sullivan","og_site_name":"Augmentir","article_published_time":"2023-04-25T13:53:31+00:00","article_modified_time":"2024-11-01T10:19:39+00:00","og_image":[{"width":1200,"height":630,"url":"https:\/\/www.augmentir.com\/wp-content\/uploads\/2023\/04\/frost-sullivan-2023-company-of-year-augmentir.png","type":"image\/png"}],"author":"Chris Kuntz","twitter_card":"summary_large_image","twitter_creator":"@augmentir","twitter_site":"@augmentir","schema":{"@context":"https:\/\/schema.org","@graph":[{"@type":"Article","@id":"https:\/\/www.augmentir.com\/news\/augmentir-named-2023-connected-worker-company-of-the-year-by-frost-sullivan#article","isPartOf":{"@id":"https:\/\/www.augmentir.com\/news\/augmentir-named-2023-connected-worker-company-of-the-year-by-frost-sullivan"},"author":{"name":"Chris Kuntz","@id":"https:\/\/www.augmentir.com\/#\/schema\/person\/a873d3191dd1f8d87b6c61258e92d07b"},"headline":"Augmentir Named 2023 Connected Worker Company of the Year by Frost &#038; Sullivan","datePublished":"2023-04-25T13:53:31+00:00","dateModified":"2024-11-01T10:19:39+00:00","mainEntityOfPage":{"@id":"https:\/\/www.augmentir.com\/news\/augmentir-named-2023-connected-worker-company-of-the-year-by-frost-sullivan"},"wordCount":756,"publisher":{"@id":"https:\/\/www.augmentir.com\/#organization"},"image":{"@id":"https:\/\/www.augmentir.com\/news\/augmentir-named-2023-connected-worker-company-of-the-year-by-frost-sullivan#primaryimage"},"thumbnailUrl":"https:\/\/www.augmentir.com\/wp-content\/uploads\/2023\/04\/frost-sullivan-2023-company-of-year-augmentir.png","keywords":["awards"],"articleSection":["News"],"inLanguage":"de-DE"},{"@type":"WebPage","@id":"https:\/\/www.augmentir.com\/news\/augmentir-named-2023-connected-worker-company-of-the-year-by-frost-sullivan","url":"https:\/\/www.augmentir.com\/news\/augmentir-named-2023-connected-worker-company-of-the-year-by-frost-sullivan","name":"Augmentir Named 2023 Connected Worker Company of the Year by Frost & Sullivan - Augmentir","isPartOf":{"@id":"https:\/\/www.augmentir.com\/#website"},"primaryImageOfPage":{"@id":"https:\/\/www.augmentir.com\/news\/augmentir-named-2023-connected-worker-company-of-the-year-by-frost-sullivan#primaryimage"},"image":{"@id":"https:\/\/www.augmentir.com\/news\/augmentir-named-2023-connected-worker-company-of-the-year-by-frost-sullivan#primaryimage"},"thumbnailUrl":"https:\/\/www.augmentir.com\/wp-content\/uploads\/2023\/04\/frost-sullivan-2023-company-of-year-augmentir.png","datePublished":"2023-04-25T13:53:31+00:00","dateModified":"2024-11-01T10:19:39+00:00","description":"Frost & Sullivan has named Augmentir the 2023 Connected Worker Company of the Year in recognition of its business growth, customer impact, and unmatched product innovation.","breadcrumb":{"@id":"https:\/\/www.augmentir.com\/news\/augmentir-named-2023-connected-worker-company-of-the-year-by-frost-sullivan#breadcrumb"},"inLanguage":"de-DE","potentialAction":[{"@type":"ReadAction","target":["https:\/\/www.augmentir.com\/news\/augmentir-named-2023-connected-worker-company-of-the-year-by-frost-sullivan"]}]},{"@type":"ImageObject","inLanguage":"de-DE","@id":"https:\/\/www.augmentir.com\/news\/augmentir-named-2023-connected-worker-company-of-the-year-by-frost-sullivan#primaryimage","url":"https:\/\/www.augmentir.com\/wp-content\/uploads\/2023\/04\/frost-sullivan-2023-company-of-year-augmentir.png","contentUrl":"https:\/\/www.augmentir.com\/wp-content\/uploads\/2023\/04\/frost-sullivan-2023-company-of-year-augmentir.png","width":1200,"height":630,"caption":"Augmentir named connected worker company of the year by frost and sullivan"},{"@type":"BreadcrumbList","@id":"https:\/\/www.augmentir.com\/news\/augmentir-named-2023-connected-worker-company-of-the-year-by-frost-sullivan#breadcrumb","itemListElement":[{"@type":"ListItem","position":1,"name":"Home","item":"https:\/\/www.augmentir.com\/"},{"@type":"ListItem","position":2,"name":"Augmentir Named 2023 Connected Worker Company of the Year by Frost &#038; Sullivan"}]},{"@type":"WebSite","@id":"https:\/\/www.augmentir.com\/#website","url":"https:\/\/www.augmentir.com\/","name":"Augmentir","description":"AI-Powered Connected Worker Platform","publisher":{"@id":"https:\/\/www.augmentir.com\/#organization"},"potentialAction":[{"@type":"SearchAction","target":{"@type":"EntryPoint","urlTemplate":"https:\/\/www.augmentir.com\/?s={search_term_string}"},"query-input":{"@type":"PropertyValueSpecification","valueRequired":true,"valueName":"search_term_string"}}],"inLanguage":"de-DE"},{"@type":"Organization","@id":"https:\/\/www.augmentir.com\/#organization","name":"Augmentir, Inc.","url":"https:\/\/www.augmentir.com\/","logo":{"@type":"ImageObject","inLanguage":"de-DE","@id":"https:\/\/www.augmentir.com\/#\/schema\/logo\/image\/","url":"https:\/\/www.augmentir.com\/wp-content\/uploads\/2021\/10\/Augmentir_Logo.svg","contentUrl":"https:\/\/www.augmentir.com\/wp-content\/uploads\/2021\/10\/Augmentir_Logo.svg","width":"1200","height":"1200","caption":"Augmentir, Inc."},"image":{"@id":"https:\/\/www.augmentir.com\/#\/schema\/logo\/image\/"},"sameAs":["https:\/\/x.com\/augmentir","https:\/\/www.linkedin.com\/company\/augmentir"]},{"@type":"Person","@id":"https:\/\/www.augmentir.com\/#\/schema\/person\/a873d3191dd1f8d87b6c61258e92d07b","name":"Chris Kuntz","image":{"@type":"ImageObject","inLanguage":"de-DE","@id":"https:\/\/secure.gravatar.com\/avatar\/abd67359f51a3bbf443889279746e01267bf01e1ee2e6fb9106da36ad4ade3ed?s=96&d=mm&r=g","url":"https:\/\/secure.gravatar.com\/avatar\/abd67359f51a3bbf443889279746e01267bf01e1ee2e6fb9106da36ad4ade3ed?s=96&d=mm&r=g","contentUrl":"https:\/\/secure.gravatar.com\/avatar\/abd67359f51a3bbf443889279746e01267bf01e1ee2e6fb9106da36ad4ade3ed?s=96&d=mm&r=g","caption":"Chris Kuntz"},"description":"Vice President of Strategic Operations Augmentir","sameAs":["https:\/\/www.augmentir.com\/author\/chris-kuntz"],"url":"https:\/\/www.augmentir.com\/de\/author\/chris-kuntz"}]}},"modified_by":"Chris Kuntz","_links":{"self":[{"href":"https:\/\/www.augmentir.com\/de\/wp-json\/wp\/v2\/posts\/13418","targetHints":{"allow":["GET"]}}],"collection":[{"href":"https:\/\/www.augmentir.com\/de\/wp-json\/wp\/v2\/posts"}],"about":[{"href":"https:\/\/www.augmentir.com\/de\/wp-json\/wp\/v2\/types\/post"}],"author":[{"embeddable":true,"href":"https:\/\/www.augmentir.com\/de\/wp-json\/wp\/v2\/users\/1"}],"replies":[{"embeddable":true,"href":"https:\/\/www.augmentir.com\/de\/wp-json\/wp\/v2\/comments?post=13418"}],"version-history":[{"count":0,"href":"https:\/\/www.augmentir.com\/de\/wp-json\/wp\/v2\/posts\/13418\/revisions"}],"wp:featuredmedia":[{"embeddable":true,"href":"https:\/\/www.augmentir.com\/de\/wp-json\/wp\/v2\/media\/13421"}],"wp:attachment":[{"href":"https:\/\/www.augmentir.com\/de\/wp-json\/wp\/v2\/media?parent=13418"}],"wp:term":[{"taxonomy":"category","embeddable":true,"href":"https:\/\/www.augmentir.com\/de\/wp-json\/wp\/v2\/categories?post=13418"},{"taxonomy":"post_tag","embeddable":true,"href":"https:\/\/www.augmentir.com\/de\/wp-json\/wp\/v2\/tags?post=13418"}],"curies":[{"name":"wp","href":"https:\/\/api.w.org\/{rel}","templated":true}]}}