{"id":10671,"date":"2021-08-16T15:01:16","date_gmt":"2021-08-16T15:01:16","guid":{"rendered":"https:\/\/augmentir.com\/?p=10671"},"modified":"2023-12-14T19:57:29","modified_gmt":"2023-12-14T19:57:29","slug":"augmentir-highlighted-as-a-key-connected-worker-vendor-in-gartner-hype-cycle-for-consumer-goods-manufacturing","status":"publish","type":"post","link":"https:\/\/www.augmentir.com\/de\/blog\/augmentir-highlighted-as-a-key-connected-worker-vendor-in-gartner-hype-cycle-for-consumer-goods-manufacturing","title":{"rendered":"Augmentir wird im Gartner-Hype-Zyklus f\u00fcr die Herstellung von Konsumg\u00fctern als wichtiger Anbieter vernetzter Fabrikarbeiter hervorgehoben"},"content":{"rendered":"<p>Augmentir wurde erneut von Gartner als wichtiger Anbieter f\u00fcr Connected Factory Worker-Technologie ausgezeichnet. Im sp\u00e4testen <a href=\"https:\/\/www.gartner.com\/en\/documents\/4003885-hype-cycle-for-consumer-goods-2021\" target=\"_blank\" rel=\"noreferrer noopener\">Gartner Hype Cycle f\u00fcr Konsumg\u00fcter<\/a>Augmentir wurde als wichtiger Anbieter hervorgehoben <strong>Vernetzter Fabrikarbeiter<\/strong> Software und <strong>Immersive Erfahrungen in der Fertigung<\/strong>. Dies ist das siebte Mal im Jahr 2021, dass Augmentir von Gartner als f\u00fchrend bei aufstrebenden Technologien f\u00fcr die Fertigung ausgezeichnet wurde.<\/p>\r\n\r\n\r\n\r\n<h2 class=\"wp-block-heading\">Digitale Technologie \u2013 eine Schl\u00fcsselpriorit\u00e4t f\u00fcr CEOs von Konsumg\u00fctern<\/h2>\r\n\r\n\r\n\r\n<p>Dieser Gartner-Bericht identifiziert Technologie als eine Schl\u00fcsselpriorit\u00e4t f\u00fcr CEOs von Konsumg\u00fctern und stellt fest, dass \u201e79% der CEOs von Konsumg\u00fctern planen, ihre Investitionen in digitale F\u00e4higkeiten zu erh\u00f6hen\u201c.<\/p>\r\n\r\n\r\n\r\n<p>Laut dem Hype-Cycle-Bericht sind \u201eInvestitionen in lange verz\u00f6gerte digitale Initiativen aufgrund der Pandemie in den Vordergrund ger\u00fcckt\u201c. Initiativen zur digitalen Transformation wurden aufgrund der Auswirkungen der Pandemie, zunehmender Fernarbeit und Unterbrechungen der Lieferkette in den Mittelpunkt ger\u00fcckt und in den Vordergrund ger\u00fcckt, und viele f\u00fchrende Konsumg\u00fcterhersteller waren \u201eaufger\u00fcttelt, in lang verz\u00f6gerte digitale Pl\u00e4ne zu investieren\u201c.<\/p>\r\n\r\n\r\n\r\n<p>Gartner hob Connected Factory Workers und Immersive Experience in Manufacturing hervor, da sie transformative Vorteile f\u00fcr Konsumg\u00fcterhersteller bieten, und erw\u00e4hnt Augmentir als einen wichtigen Softwareanbieter in jeder Kategorie.<\/p>\r\n\r\n\r\n\r\n<ul class=\"wp-block-list\">\r\n<li><strong>Vernetzter Fabrikarbeiter<\/strong>: Vernetzte Fabrikarbeiter verwenden verschiedene digitale Tools, um die Sicherheit, Qualit\u00e4t und Produktivit\u00e4t ihrer Arbeit zu verbessern. In der Konsumg\u00fcterherstellung kann dies die Erm\u00f6glichung der Digitalisierung von Wartungsverfahren, Umstellungsverfahren, EHS-Lockout\/Tagout-Verfahren, Qualit\u00e4tschecklisten und Anlagenrundg\u00e4ngen \u00fcber digitalisierte Schritt-f\u00fcr-Schritt-Anleitungen oder gef\u00fchrte Arbeitsabl\u00e4ufe umfassen. Diese Technologie hilft dabei, Mitarbeiter mit dem \u201edigitalen Gef\u00fcge\u201c des Unternehmens zu verbinden, indem sie Einblicke in die von ihnen ausgef\u00fchrten Aufgaben bietet, sodass sie optimiert und kontinuierlich verbessert werden k\u00f6nnen.<\/li>\r\n<li><strong>Immersive Erfahrung im Fertigungsbetrieb<\/strong>: Immersive Erfahrungen beziehen sich laut Gartner darauf, die Wahrnehmung physischer Anwesenheit in einer nicht-physischen Welt zu erm\u00f6glichen oder die Pr\u00e4senz von Menschen in der physischen Welt mit Inhalten aus der virtuellen Welt zu bereichern. Gartner sieht die Nutzung immersiver Erfahrungen als wichtig an, um \u201edie Probleml\u00f6sung zu beschleunigen und den Dialog zur kontinuierlichen Verbesserung durch virtuellen oder Remote-Zugriff zu erweitern\u201c. Dieser Ansatz wird f\u00fcr Qualit\u00e4ts- und Wartungsaufgaben, die Fernverbindung mit Mitarbeitern, die nicht vor Ort sein k\u00f6nnen, oder Wearables f\u00fcr das Sicherheitsmanagement verwendet.<\/li>\r\n<\/ul>\r\n\r\n\r\n\r\n<p>Diese Hype-Zyklen und Innovationsprofile werden von Gartner bereitgestellt, um Unternehmen bei der Entscheidung zu unterst\u00fctzen, welche neuen Innovationen und Technologien wann eingef\u00fchrt werden sollen und welchen Wert sie f\u00fcr ihre Fertigungsabl\u00e4ufe bieten k\u00f6nnen.<\/p>\r\n\r\n\r\n\r\n<h2 class=\"wp-block-heading\">Beschleunigen Sie Ihre digitale Reise mit Augmentir<\/h2>\r\n\r\n\r\n\r\n<p>Viele f\u00fchrende Konsumg\u00fcterhersteller, <a href=\"https:\/\/www.linkedin.com\/pulse\/colgate-palmolive-accelerates-digitization-operations-norris-mclean\/\" target=\"_blank\" rel=\"noreferrer noopener\">einschlie\u00dflich Colgate-Palmolive<\/a>, haben Augmentir eingef\u00fchrt, um ihre Mitarbeiter an vorderster Front zu vernetzen und ihre Digitalisierungsbem\u00fchungen zu beschleunigen. Die KI-basierte Connected-Worker-Plattform von Augmentir bietet Connected-Worker-Technologie mit erweiterten Arbeitsanweisungen. Ausgestattet mit digitalen Ger\u00e4ten, die Tablets, Mobiltelefone oder sogar AR-f\u00e4hige industrielle Smart Glasses umfassen k\u00f6nnen, k\u00f6nnen Mitarbeiter an vorderster Front auf jedem Ger\u00e4t vollst\u00e4ndig erweiterte, gef\u00fchrte Anweisungen erhalten, um die Produktivit\u00e4t und Qualit\u00e4t zu verbessern und es den Mitarbeitern zu erm\u00f6glichen, ihre Arbeit unabh\u00e4ngiger auszuf\u00fchren. Diese unterst\u00fctzen die Mitarbeiter mit visuellen Hilfsmitteln, AR\/MR-Erfahrungen und Kontextinformationen.<\/p>\r\n\r\n\r\n\r\n<p>Beispielsweise seit der Auswahl von Augmentir im November 2020, <a href=\"https:\/\/www.linkedin.com\/pulse\/colgate-palmolive-accelerates-digitization-operations-norris-mclean\/\" target=\"_blank\" rel=\"noreferrer noopener\">Colgate hat bereits enorme Fortschritte im Hinblick auf seine Ziele der digitalen Transformation erzielt<\/a> und hat \u00fcber 1000 Arbeitsabl\u00e4ufe in 10 globalen Werken digitalisiert, was zu erheblichen Wert- und Produktivit\u00e4tssteigerungen bei Wartungsaufgaben, Linienwechseln und Schichtwechseln gef\u00fchrt hat.<\/p>\r\n\r\n\r\n\r\n<h2 class=\"wp-block-heading\">Optimierung der Mitarbeiterleistung mit KI<\/h2>\r\n\r\n\r\n\r\n<p>Gartner empfiehlt den Konsumg\u00fcterherstellern au\u00dferdem: \u201eLegen Sie Ihren Fokus auf die Schaffung einer \u201edatengesteuerten\u201c Kultur in den Fertigungsabl\u00e4ufen.\u201c Dazu geh\u00f6rt nicht nur die Integration der Werksbelegschaften in ihre virtuelle und physische Umgebung, sondern auch das Vorantreiben eines Kulturwandels hin zu datengetriebener Leistungsoptimierung und Personalentwicklung.<\/p>\r\n\r\n\r\n\r\n<blockquote class=\"wp-block-quote is-layout-flow wp-block-quote-is-layout-flow\">\r\n<p>K\u00fcnstliche Intelligenz (KI) ist eine wichtige Grundlage f\u00fcr die datengesteuerte Transformation innerhalb der Fertigungsmitarbeiter.<\/p>\r\n<\/blockquote>\r\n\r\n\r\n\r\n<p>Mit zunehmender Vernetzung der Mitarbeiter haben Unternehmen Zugriff auf eine neue reichhaltige Quelle f\u00fcr Aktivit\u00e4ts-, Ausf\u00fchrungs- und Stammesdaten und k\u00f6nnen mit geeigneten KI-Tools Einblicke in Bereiche gewinnen, in denen die gr\u00f6\u00dften Verbesserungsm\u00f6glichkeiten bestehen. <strong>K\u00fcnstliche Intelligenz legt eine datengetriebene Grundlage f\u00fcr kontinuierliche Verbesserungen in den Bereichen Produktivit\u00e4t, Qualit\u00e4t und Personalentwicklung<\/strong>, die die Voraussetzungen schaffen, um den Anforderungen einer sich st\u00e4ndig ver\u00e4ndernden Belegschaft gerecht zu werden.<\/p>\r\n\r\n\r\n\r\n<p>Wir bei Augmentir sind der Ansicht, dass der Zweck einer Connected-Worker-Plattform nicht einfach darin besteht, einem Frontline-Mitarbeiter Anweisungen und Remote-Support zu liefern, sondern vielmehr die Leistung des Connected-Worker-\u00d6kosystems kontinuierlich zu optimieren. KI ist in einzigartiger Weise in der Lage, die grundlegenden Makrotrends der Qualifikationsvariabilit\u00e4t und des Verlusts von Stammeswissen in der Belegschaft anzugehen. Mit einem \u00d6kosystem aus Inhaltsautoren, Frontline-Mitarbeitern, Fachexperten, Betriebsleitern, Ingenieuren f\u00fcr kontinuierliche Verbesserung und Qualit\u00e4tsspezialisten gibt es Dutzende von M\u00f6glichkeiten, die Leistung zu verbessern.<\/p>\r\n\r\n\r\n\r\n<h2 class=\"wp-block-heading\">M\u00f6chten Sie mehr erfahren?<\/h2>\r\n\r\n\r\n\r\n<p>Wenn Sie mehr \u00fcber Augmentir erfahren und sehen m\u00f6chten, wie unsere KI-gest\u00fctzte Plattform f\u00fcr vernetzte Mitarbeiter die Sicherheit, Qualit\u00e4t und Produktivit\u00e4t Ihrer gesamten Belegschaft verbessert,\u00a0<a href=\"https:\/\/www.augmentir.com\/request-a-demo\">Vereinbaren Sie eine Demo<\/a>\u00a0mit einem unserer Produktexperten.<\/p>","protected":false},"excerpt":{"rendered":"<p>16. August 2021<\/p>","protected":false},"author":1,"featured_media":11625,"comment_status":"closed","ping_status":"open","sticky":false,"template":"","format":"standard","meta":{"inline_featured_image":false,"_lmt_disableupdate":"no","_lmt_disable":"","footnotes":""},"categories":[4],"tags":[47,51,52,29,53],"class_list":["post-10671","post","type-post","status-publish","format-standard","has-post-thumbnail","hentry","category-blog","tag-connected-worker","tag-consumer-goods","tag-cpg-manufacturing","tag-digital-transformation","tag-gartner"],"yoast_head":"<!-- This site is optimized with the Yoast SEO plugin v27.2 - https:\/\/yoast.com\/product\/yoast-seo-wordpress\/ -->\n<title>Augmentir Highlighted as a Key Connected Factory Worker Vendor in Gartner Hype Cycle for Consumer Goods Manufacturing - Augmentir<\/title>\n<meta name=\"description\" content=\"In the latest Gartner Hype Cycle for Consumer Goods, Augmentir was highlighted as an important vendor for Connected Factory Worker software.\" \/>\n<meta name=\"robots\" content=\"index, follow, max-snippet:-1, max-image-preview:large, max-video-preview:-1\" \/>\n<link rel=\"canonical\" href=\"https:\/\/www.augmentir.com\/de\/blog\/augmentir-highlighted-as-a-key-connected-worker-vendor-in-gartner-hype-cycle-for-consumer-goods-manufacturing\" \/>\n<meta property=\"og:locale\" content=\"de_DE\" \/>\n<meta property=\"og:type\" content=\"article\" \/>\n<meta property=\"og:title\" content=\"Augmentir Highlighted as a Key Connected Factory Worker Vendor in Gartner Hype Cycle for Consumer Goods Manufacturing - Augmentir\" \/>\n<meta property=\"og:description\" content=\"In the latest Gartner Hype Cycle for Consumer Goods, Augmentir was highlighted as an important vendor for Connected Factory Worker software.\" \/>\n<meta property=\"og:url\" content=\"https:\/\/www.augmentir.com\/de\/blog\/augmentir-highlighted-as-a-key-connected-worker-vendor-in-gartner-hype-cycle-for-consumer-goods-manufacturing\" \/>\n<meta property=\"og:site_name\" content=\"Augmentir\" \/>\n<meta property=\"article:published_time\" content=\"2021-08-16T15:01:16+00:00\" \/>\n<meta property=\"article:modified_time\" content=\"2023-12-14T19:57:29+00:00\" \/>\n<meta property=\"og:image\" content=\"https:\/\/www.augmentir.com\/wp-content\/uploads\/2021\/08\/augmentir-highlighted-in-gartner-hype-cycle-connected-factory-worker-consumer-goods-manufacturing-1.png\" \/>\n\t<meta property=\"og:image:width\" content=\"1200\" \/>\n\t<meta property=\"og:image:height\" content=\"630\" \/>\n\t<meta property=\"og:image:type\" content=\"image\/png\" \/>\n<meta name=\"author\" content=\"Chris Kuntz\" \/>\n<meta name=\"twitter:card\" content=\"summary_large_image\" \/>\n<meta name=\"twitter:description\" content=\"In Field Service, remote collaboration solutions have been good at providing short term relief, but they don&#039;t really address the underlying problem - the lack of rich, interactive workflows that are able to guide technicians with a wide range of skills to perform these tasks safely, correctly, and add an acceptable level of productivity.\" \/>\n<meta name=\"twitter:image\" content=\"https:\/\/www.augmentir.com\/wp-content\/uploads\/2021\/07\/remote-assist-treat-symptom-not-cause.png\" \/>\n<meta name=\"twitter:creator\" content=\"@augmentir\" \/>\n<meta name=\"twitter:site\" content=\"@augmentir\" \/>\n<script type=\"application\/ld+json\" class=\"yoast-schema-graph\">{\"@context\":\"https:\/\/schema.org\",\"@graph\":[{\"@type\":\"Article\",\"@id\":\"https:\/\/www.augmentir.com\/blog\/augmentir-highlighted-as-a-key-connected-worker-vendor-in-gartner-hype-cycle-for-consumer-goods-manufacturing#article\",\"isPartOf\":{\"@id\":\"https:\/\/www.augmentir.com\/blog\/augmentir-highlighted-as-a-key-connected-worker-vendor-in-gartner-hype-cycle-for-consumer-goods-manufacturing\"},\"author\":{\"name\":\"Chris Kuntz\",\"@id\":\"https:\/\/www.augmentir.com\/#\/schema\/person\/a873d3191dd1f8d87b6c61258e92d07b\"},\"headline\":\"Augmentir Highlighted as a Key Connected Factory Worker Vendor in Gartner Hype Cycle for Consumer Goods Manufacturing\",\"datePublished\":\"2021-08-16T15:01:16+00:00\",\"dateModified\":\"2023-12-14T19:57:29+00:00\",\"mainEntityOfPage\":{\"@id\":\"https:\/\/www.augmentir.com\/blog\/augmentir-highlighted-as-a-key-connected-worker-vendor-in-gartner-hype-cycle-for-consumer-goods-manufacturing\"},\"wordCount\":799,\"publisher\":{\"@id\":\"https:\/\/www.augmentir.com\/#organization\"},\"image\":{\"@id\":\"https:\/\/www.augmentir.com\/blog\/augmentir-highlighted-as-a-key-connected-worker-vendor-in-gartner-hype-cycle-for-consumer-goods-manufacturing#primaryimage\"},\"thumbnailUrl\":\"https:\/\/www.augmentir.com\/wp-content\/uploads\/2021\/08\/augmentir-highlighted-in-gartner-hype-cycle-connected-factory-worker-consumer-goods-manufacturing-1.png\",\"keywords\":[\"connected worker\",\"consumer goods\",\"cpg manufacturing\",\"digital transformation\",\"gartner\"],\"articleSection\":[\"Blog\"],\"inLanguage\":\"de-DE\"},{\"@type\":\"WebPage\",\"@id\":\"https:\/\/www.augmentir.com\/blog\/augmentir-highlighted-as-a-key-connected-worker-vendor-in-gartner-hype-cycle-for-consumer-goods-manufacturing\",\"url\":\"https:\/\/www.augmentir.com\/blog\/augmentir-highlighted-as-a-key-connected-worker-vendor-in-gartner-hype-cycle-for-consumer-goods-manufacturing\",\"name\":\"Augmentir Highlighted as a Key Connected Factory Worker Vendor in Gartner Hype Cycle for Consumer Goods Manufacturing - Augmentir\",\"isPartOf\":{\"@id\":\"https:\/\/www.augmentir.com\/#website\"},\"primaryImageOfPage\":{\"@id\":\"https:\/\/www.augmentir.com\/blog\/augmentir-highlighted-as-a-key-connected-worker-vendor-in-gartner-hype-cycle-for-consumer-goods-manufacturing#primaryimage\"},\"image\":{\"@id\":\"https:\/\/www.augmentir.com\/blog\/augmentir-highlighted-as-a-key-connected-worker-vendor-in-gartner-hype-cycle-for-consumer-goods-manufacturing#primaryimage\"},\"thumbnailUrl\":\"https:\/\/www.augmentir.com\/wp-content\/uploads\/2021\/08\/augmentir-highlighted-in-gartner-hype-cycle-connected-factory-worker-consumer-goods-manufacturing-1.png\",\"datePublished\":\"2021-08-16T15:01:16+00:00\",\"dateModified\":\"2023-12-14T19:57:29+00:00\",\"description\":\"In the latest Gartner Hype Cycle for Consumer Goods, Augmentir was highlighted as an important vendor for Connected Factory Worker software.\",\"breadcrumb\":{\"@id\":\"https:\/\/www.augmentir.com\/blog\/augmentir-highlighted-as-a-key-connected-worker-vendor-in-gartner-hype-cycle-for-consumer-goods-manufacturing#breadcrumb\"},\"inLanguage\":\"de-DE\",\"potentialAction\":[{\"@type\":\"ReadAction\",\"target\":[\"https:\/\/www.augmentir.com\/blog\/augmentir-highlighted-as-a-key-connected-worker-vendor-in-gartner-hype-cycle-for-consumer-goods-manufacturing\"]}]},{\"@type\":\"ImageObject\",\"inLanguage\":\"de-DE\",\"@id\":\"https:\/\/www.augmentir.com\/blog\/augmentir-highlighted-as-a-key-connected-worker-vendor-in-gartner-hype-cycle-for-consumer-goods-manufacturing#primaryimage\",\"url\":\"https:\/\/www.augmentir.com\/wp-content\/uploads\/2021\/08\/augmentir-highlighted-in-gartner-hype-cycle-connected-factory-worker-consumer-goods-manufacturing-1.png\",\"contentUrl\":\"https:\/\/www.augmentir.com\/wp-content\/uploads\/2021\/08\/augmentir-highlighted-in-gartner-hype-cycle-connected-factory-worker-consumer-goods-manufacturing-1.png\",\"width\":1200,\"height\":630,\"caption\":\"Augmentir Highlighted in Gartner Hype Cycle Connected Factory Worker Consumer Goods Manufacturing\"},{\"@type\":\"BreadcrumbList\",\"@id\":\"https:\/\/www.augmentir.com\/blog\/augmentir-highlighted-as-a-key-connected-worker-vendor-in-gartner-hype-cycle-for-consumer-goods-manufacturing#breadcrumb\",\"itemListElement\":[{\"@type\":\"ListItem\",\"position\":1,\"name\":\"Home\",\"item\":\"https:\/\/www.augmentir.com\/\"},{\"@type\":\"ListItem\",\"position\":2,\"name\":\"Augmentir Highlighted as a Key Connected Factory Worker Vendor in Gartner Hype Cycle for Consumer Goods Manufacturing\"}]},{\"@type\":\"WebSite\",\"@id\":\"https:\/\/www.augmentir.com\/#website\",\"url\":\"https:\/\/www.augmentir.com\/\",\"name\":\"Augmentir\",\"description\":\"AI-Powered Connected Worker Platform\",\"publisher\":{\"@id\":\"https:\/\/www.augmentir.com\/#organization\"},\"potentialAction\":[{\"@type\":\"SearchAction\",\"target\":{\"@type\":\"EntryPoint\",\"urlTemplate\":\"https:\/\/www.augmentir.com\/?s={search_term_string}\"},\"query-input\":{\"@type\":\"PropertyValueSpecification\",\"valueRequired\":true,\"valueName\":\"search_term_string\"}}],\"inLanguage\":\"de-DE\"},{\"@type\":\"Organization\",\"@id\":\"https:\/\/www.augmentir.com\/#organization\",\"name\":\"Augmentir, Inc.\",\"url\":\"https:\/\/www.augmentir.com\/\",\"logo\":{\"@type\":\"ImageObject\",\"inLanguage\":\"de-DE\",\"@id\":\"https:\/\/www.augmentir.com\/#\/schema\/logo\/image\/\",\"url\":\"https:\/\/www.augmentir.com\/wp-content\/uploads\/2021\/10\/Augmentir_Logo.svg\",\"contentUrl\":\"https:\/\/www.augmentir.com\/wp-content\/uploads\/2021\/10\/Augmentir_Logo.svg\",\"width\":\"1200\",\"height\":\"1200\",\"caption\":\"Augmentir, Inc.\"},\"image\":{\"@id\":\"https:\/\/www.augmentir.com\/#\/schema\/logo\/image\/\"},\"sameAs\":[\"https:\/\/x.com\/augmentir\",\"https:\/\/www.linkedin.com\/company\/augmentir\"]},{\"@type\":\"Person\",\"@id\":\"https:\/\/www.augmentir.com\/#\/schema\/person\/a873d3191dd1f8d87b6c61258e92d07b\",\"name\":\"Chris Kuntz\",\"image\":{\"@type\":\"ImageObject\",\"inLanguage\":\"de-DE\",\"@id\":\"https:\/\/secure.gravatar.com\/avatar\/abd67359f51a3bbf443889279746e01267bf01e1ee2e6fb9106da36ad4ade3ed?s=96&d=mm&r=g\",\"url\":\"https:\/\/secure.gravatar.com\/avatar\/abd67359f51a3bbf443889279746e01267bf01e1ee2e6fb9106da36ad4ade3ed?s=96&d=mm&r=g\",\"contentUrl\":\"https:\/\/secure.gravatar.com\/avatar\/abd67359f51a3bbf443889279746e01267bf01e1ee2e6fb9106da36ad4ade3ed?s=96&d=mm&r=g\",\"caption\":\"Chris Kuntz\"},\"description\":\"Vice President of Strategic Operations Augmentir\",\"sameAs\":[\"https:\/\/www.augmentir.com\/author\/chris-kuntz\"],\"url\":\"https:\/\/www.augmentir.com\/de\/author\/chris-kuntz\"}]}<\/script>\n<!-- \/ Yoast SEO plugin. -->","yoast_head_json":{"title":"Augmentir Highlighted as a Key Connected Factory Worker Vendor in Gartner Hype Cycle for Consumer Goods Manufacturing - Augmentir","description":"In the latest Gartner Hype Cycle for Consumer Goods, Augmentir was highlighted as an important vendor for Connected Factory Worker software.","robots":{"index":"index","follow":"follow","max-snippet":"max-snippet:-1","max-image-preview":"max-image-preview:large","max-video-preview":"max-video-preview:-1"},"canonical":"https:\/\/www.augmentir.com\/de\/blog\/augmentir-highlighted-as-a-key-connected-worker-vendor-in-gartner-hype-cycle-for-consumer-goods-manufacturing","og_locale":"de_DE","og_type":"article","og_title":"Augmentir Highlighted as a Key Connected Factory Worker Vendor in Gartner Hype Cycle for Consumer Goods Manufacturing - Augmentir","og_description":"In the latest Gartner Hype Cycle for Consumer Goods, Augmentir was highlighted as an important vendor for Connected Factory Worker software.","og_url":"https:\/\/www.augmentir.com\/de\/blog\/augmentir-highlighted-as-a-key-connected-worker-vendor-in-gartner-hype-cycle-for-consumer-goods-manufacturing","og_site_name":"Augmentir","article_published_time":"2021-08-16T15:01:16+00:00","article_modified_time":"2023-12-14T19:57:29+00:00","og_image":[{"width":1200,"height":630,"url":"https:\/\/www.augmentir.com\/wp-content\/uploads\/2021\/08\/augmentir-highlighted-in-gartner-hype-cycle-connected-factory-worker-consumer-goods-manufacturing-1.png","type":"image\/png"}],"author":"Chris Kuntz","twitter_card":"summary_large_image","twitter_description":"In Field Service, remote collaboration solutions have been good at providing short term relief, but they don't really address the underlying problem - the lack of rich, interactive workflows that are able to guide technicians with a wide range of skills to perform these tasks safely, correctly, and add an acceptable level of productivity.","twitter_image":"https:\/\/www.augmentir.com\/wp-content\/uploads\/2021\/07\/remote-assist-treat-symptom-not-cause.png","twitter_creator":"@augmentir","twitter_site":"@augmentir","schema":{"@context":"https:\/\/schema.org","@graph":[{"@type":"Article","@id":"https:\/\/www.augmentir.com\/blog\/augmentir-highlighted-as-a-key-connected-worker-vendor-in-gartner-hype-cycle-for-consumer-goods-manufacturing#article","isPartOf":{"@id":"https:\/\/www.augmentir.com\/blog\/augmentir-highlighted-as-a-key-connected-worker-vendor-in-gartner-hype-cycle-for-consumer-goods-manufacturing"},"author":{"name":"Chris Kuntz","@id":"https:\/\/www.augmentir.com\/#\/schema\/person\/a873d3191dd1f8d87b6c61258e92d07b"},"headline":"Augmentir Highlighted as a Key Connected Factory Worker Vendor in Gartner Hype Cycle for Consumer Goods Manufacturing","datePublished":"2021-08-16T15:01:16+00:00","dateModified":"2023-12-14T19:57:29+00:00","mainEntityOfPage":{"@id":"https:\/\/www.augmentir.com\/blog\/augmentir-highlighted-as-a-key-connected-worker-vendor-in-gartner-hype-cycle-for-consumer-goods-manufacturing"},"wordCount":799,"publisher":{"@id":"https:\/\/www.augmentir.com\/#organization"},"image":{"@id":"https:\/\/www.augmentir.com\/blog\/augmentir-highlighted-as-a-key-connected-worker-vendor-in-gartner-hype-cycle-for-consumer-goods-manufacturing#primaryimage"},"thumbnailUrl":"https:\/\/www.augmentir.com\/wp-content\/uploads\/2021\/08\/augmentir-highlighted-in-gartner-hype-cycle-connected-factory-worker-consumer-goods-manufacturing-1.png","keywords":["connected worker","consumer goods","cpg manufacturing","digital transformation","gartner"],"articleSection":["Blog"],"inLanguage":"de-DE"},{"@type":"WebPage","@id":"https:\/\/www.augmentir.com\/blog\/augmentir-highlighted-as-a-key-connected-worker-vendor-in-gartner-hype-cycle-for-consumer-goods-manufacturing","url":"https:\/\/www.augmentir.com\/blog\/augmentir-highlighted-as-a-key-connected-worker-vendor-in-gartner-hype-cycle-for-consumer-goods-manufacturing","name":"Augmentir Highlighted as a Key Connected Factory Worker Vendor in Gartner Hype Cycle for Consumer Goods Manufacturing - Augmentir","isPartOf":{"@id":"https:\/\/www.augmentir.com\/#website"},"primaryImageOfPage":{"@id":"https:\/\/www.augmentir.com\/blog\/augmentir-highlighted-as-a-key-connected-worker-vendor-in-gartner-hype-cycle-for-consumer-goods-manufacturing#primaryimage"},"image":{"@id":"https:\/\/www.augmentir.com\/blog\/augmentir-highlighted-as-a-key-connected-worker-vendor-in-gartner-hype-cycle-for-consumer-goods-manufacturing#primaryimage"},"thumbnailUrl":"https:\/\/www.augmentir.com\/wp-content\/uploads\/2021\/08\/augmentir-highlighted-in-gartner-hype-cycle-connected-factory-worker-consumer-goods-manufacturing-1.png","datePublished":"2021-08-16T15:01:16+00:00","dateModified":"2023-12-14T19:57:29+00:00","description":"In the latest Gartner Hype Cycle for Consumer Goods, Augmentir was highlighted as an important vendor for Connected Factory Worker software.","breadcrumb":{"@id":"https:\/\/www.augmentir.com\/blog\/augmentir-highlighted-as-a-key-connected-worker-vendor-in-gartner-hype-cycle-for-consumer-goods-manufacturing#breadcrumb"},"inLanguage":"de-DE","potentialAction":[{"@type":"ReadAction","target":["https:\/\/www.augmentir.com\/blog\/augmentir-highlighted-as-a-key-connected-worker-vendor-in-gartner-hype-cycle-for-consumer-goods-manufacturing"]}]},{"@type":"ImageObject","inLanguage":"de-DE","@id":"https:\/\/www.augmentir.com\/blog\/augmentir-highlighted-as-a-key-connected-worker-vendor-in-gartner-hype-cycle-for-consumer-goods-manufacturing#primaryimage","url":"https:\/\/www.augmentir.com\/wp-content\/uploads\/2021\/08\/augmentir-highlighted-in-gartner-hype-cycle-connected-factory-worker-consumer-goods-manufacturing-1.png","contentUrl":"https:\/\/www.augmentir.com\/wp-content\/uploads\/2021\/08\/augmentir-highlighted-in-gartner-hype-cycle-connected-factory-worker-consumer-goods-manufacturing-1.png","width":1200,"height":630,"caption":"Augmentir Highlighted in Gartner Hype Cycle Connected Factory Worker Consumer Goods Manufacturing"},{"@type":"BreadcrumbList","@id":"https:\/\/www.augmentir.com\/blog\/augmentir-highlighted-as-a-key-connected-worker-vendor-in-gartner-hype-cycle-for-consumer-goods-manufacturing#breadcrumb","itemListElement":[{"@type":"ListItem","position":1,"name":"Home","item":"https:\/\/www.augmentir.com\/"},{"@type":"ListItem","position":2,"name":"Augmentir Highlighted as a Key Connected Factory Worker Vendor in Gartner Hype Cycle for Consumer Goods Manufacturing"}]},{"@type":"WebSite","@id":"https:\/\/www.augmentir.com\/#website","url":"https:\/\/www.augmentir.com\/","name":"Augmentir","description":"AI-Powered Connected Worker Platform","publisher":{"@id":"https:\/\/www.augmentir.com\/#organization"},"potentialAction":[{"@type":"SearchAction","target":{"@type":"EntryPoint","urlTemplate":"https:\/\/www.augmentir.com\/?s={search_term_string}"},"query-input":{"@type":"PropertyValueSpecification","valueRequired":true,"valueName":"search_term_string"}}],"inLanguage":"de-DE"},{"@type":"Organization","@id":"https:\/\/www.augmentir.com\/#organization","name":"Augmentir, Inc.","url":"https:\/\/www.augmentir.com\/","logo":{"@type":"ImageObject","inLanguage":"de-DE","@id":"https:\/\/www.augmentir.com\/#\/schema\/logo\/image\/","url":"https:\/\/www.augmentir.com\/wp-content\/uploads\/2021\/10\/Augmentir_Logo.svg","contentUrl":"https:\/\/www.augmentir.com\/wp-content\/uploads\/2021\/10\/Augmentir_Logo.svg","width":"1200","height":"1200","caption":"Augmentir, Inc."},"image":{"@id":"https:\/\/www.augmentir.com\/#\/schema\/logo\/image\/"},"sameAs":["https:\/\/x.com\/augmentir","https:\/\/www.linkedin.com\/company\/augmentir"]},{"@type":"Person","@id":"https:\/\/www.augmentir.com\/#\/schema\/person\/a873d3191dd1f8d87b6c61258e92d07b","name":"Chris Kuntz","image":{"@type":"ImageObject","inLanguage":"de-DE","@id":"https:\/\/secure.gravatar.com\/avatar\/abd67359f51a3bbf443889279746e01267bf01e1ee2e6fb9106da36ad4ade3ed?s=96&d=mm&r=g","url":"https:\/\/secure.gravatar.com\/avatar\/abd67359f51a3bbf443889279746e01267bf01e1ee2e6fb9106da36ad4ade3ed?s=96&d=mm&r=g","contentUrl":"https:\/\/secure.gravatar.com\/avatar\/abd67359f51a3bbf443889279746e01267bf01e1ee2e6fb9106da36ad4ade3ed?s=96&d=mm&r=g","caption":"Chris Kuntz"},"description":"Vice President of Strategic Operations Augmentir","sameAs":["https:\/\/www.augmentir.com\/author\/chris-kuntz"],"url":"https:\/\/www.augmentir.com\/de\/author\/chris-kuntz"}]}},"modified_by":null,"_links":{"self":[{"href":"https:\/\/www.augmentir.com\/de\/wp-json\/wp\/v2\/posts\/10671","targetHints":{"allow":["GET"]}}],"collection":[{"href":"https:\/\/www.augmentir.com\/de\/wp-json\/wp\/v2\/posts"}],"about":[{"href":"https:\/\/www.augmentir.com\/de\/wp-json\/wp\/v2\/types\/post"}],"author":[{"embeddable":true,"href":"https:\/\/www.augmentir.com\/de\/wp-json\/wp\/v2\/users\/1"}],"replies":[{"embeddable":true,"href":"https:\/\/www.augmentir.com\/de\/wp-json\/wp\/v2\/comments?post=10671"}],"version-history":[{"count":0,"href":"https:\/\/www.augmentir.com\/de\/wp-json\/wp\/v2\/posts\/10671\/revisions"}],"wp:featuredmedia":[{"embeddable":true,"href":"https:\/\/www.augmentir.com\/de\/wp-json\/wp\/v2\/media\/11625"}],"wp:attachment":[{"href":"https:\/\/www.augmentir.com\/de\/wp-json\/wp\/v2\/media?parent=10671"}],"wp:term":[{"taxonomy":"category","embeddable":true,"href":"https:\/\/www.augmentir.com\/de\/wp-json\/wp\/v2\/categories?post=10671"},{"taxonomy":"post_tag","embeddable":true,"href":"https:\/\/www.augmentir.com\/de\/wp-json\/wp\/v2\/tags?post=10671"}],"curies":[{"name":"wp","href":"https:\/\/api.w.org\/{rel}","templated":true}]}}