{"id":10265,"date":"2021-06-03T15:31:54","date_gmt":"2021-06-03T15:31:54","guid":{"rendered":"https:\/\/augmentir.com\/?p=10265"},"modified":"2023-05-03T11:53:07","modified_gmt":"2023-05-03T11:53:07","slug":"accelerate-digital-transformation-with-a-connected-workforce","status":"publish","type":"post","link":"https:\/\/www.augmentir.com\/de\/ebooks\/accelerate-digital-transformation-with-a-connected-workforce","title":{"rendered":"Beschleunigen Sie die digitale Transformation mit einer vernetzten Belegschaft"},"content":{"rendered":"<div id='ebook-main-section'  class='avia-section main_color avia-section-default avia-no-border-styling avia-bg-style-scroll  avia-builder-el-0  avia-builder-el-no-sibling   container_wrap sidebar_right' style=' '  ><div class='container' ><main  role=\"main\" itemprop=\"mainContentOfPage\"  class='template-page content  av-content-small alpha units'><div class='post-entry post-entry-type-page post-entry-10265'><div class='entry-content-wrapper clearfix'>\n<div class=\"flex_column av_one_half  av-break-at-tablet flex_column_div av-zero-column-padding first  avia-builder-el-1  el_before_av_one_half  avia-builder-el-first\" style='border-radius:0px; '><p><section class=\"av_textblock_section\"  itemscope=\"itemscope\" itemtype=\"https:\/\/schema.org\/BlogPosting\" itemprop=\"blogPost\" ><div class='avia_textblock eyebrow-headline av_inherit_color'  style='color:#222222; '  itemprop=\"text\" ><p>eBook<\/p>\n<\/div><\/section><br \/>\n<div  style='padding-bottom:20px; margin-top:30px; font-size:40px;' class='av-special-heading av-special-heading-h1  blockquote modern-quote  avia-builder-el-3  el_after_av_textblock  el_before_av_textblock  av-inherit-size'><h1 class='av-special-heading-tag'  itemprop=\"headline\"  >Die digitale Transformation beginnt mit einer vernetzten Belegschaft<\/h1><div class='special-heading-border'><div class='special-heading-inner-border' ><\/div><\/div><\/div><br \/>\n<section class=\"av_textblock_section\"  itemscope=\"itemscope\" itemtype=\"https:\/\/schema.org\/BlogPosting\" itemprop=\"blogPost\" ><div class='avia_textblock'   itemprop=\"text\" ><p>Erfahren Sie, wie Sie Ihre Bem\u00fchungen zur digitalen Transformation mit KI-gest\u00fctzten L\u00f6sungen f\u00fcr vernetzte Mitarbeiter beschleunigen k\u00f6nnen.<\/p>\n<\/div><\/section><br \/>\n<div  class='avia-image-container  av-styling-    avia-builder-el-5  el_after_av_textblock  el_before_av_textblock  avia-align-center'  itemprop=\"image\" itemscope=\"itemscope\" itemtype=\"https:\/\/schema.org\/ImageObject\"  ><div class='avia-image-container-inner'><div class='avia-image-overlay-wrap'><img class='avia_image' src='https:\/\/www.augmentir.com\/wp-content\/uploads\/2021\/10\/augmentir-webinar.png' alt='' title='' height=\"630\" width=\"1200\"  itemprop=\"thumbnailUrl\"  \/><\/div><\/div><\/div><br \/>\n<section class=\"av_textblock_section  av-medium-hide av-small-hide av-mini-hide\"  itemscope=\"itemscope\" itemtype=\"https:\/\/schema.org\/BlogPosting\" itemprop=\"blogPost\" ><div class='avia_textblock'   itemprop=\"text\" ><p>Die globale Pandemie hat die Art und Weise, wie wir arbeiten, ver\u00e4ndert \u2013 und f\u00fcr viele Unternehmen wird die Ver\u00e4nderung dauerhaft sein.<\/p>\n<p>Die Auswirkungen von COVID-19 und nachfolgende \u00c4nderungen in Bezug darauf, wie Fabriken angesiedelt, besetzt, verwaltet und digitalisiert werden und wie Kunden unterst\u00fctzt werden, setzen die Betriebsleiter unter Druck.<\/p>\n<p>Die Zusammenarbeit und der Zugriff auf genaue Informationen bleiben f\u00fcr Mitarbeiter an vorderster Front entscheidend, um Probleme zu l\u00f6sen und die Produktivit\u00e4t zu steigern, doch viele F\u00fchrungskr\u00e4fte sehen sich jetzt mit der Realit\u00e4t einer verteilten und entfernten Belegschaft konfrontiert. Die meisten Industriearbeiter sind Frontline- oder Au\u00dfendienstmitarbeiter, deren t\u00e4gliche Aufgaben es erfordern, dass sie physisch zu ihrem Arbeitsplatz erscheinen. Die meisten dieser Frontline-Jobs k\u00f6nnen nicht aus der Ferne erledigt werden, aber diese Mitarbeiter ben\u00f6tigen dennoch Zugang zu digitalen Informationen, Anleitungen, Schulungen und Unterst\u00fctzung, die zuvor pers\u00f6nlich gegeben wurden.<\/p>\n<p>Industrieunternehmen jeder Gr\u00f6\u00dfe priorisieren jetzt ihre Initiativen zur digitalen Transformation, um den Gesch\u00e4ftsbetrieb und die Gesch\u00e4ftskontinuit\u00e4t aufrechtzuerhalten. Technologien wie k\u00fcnstliche Intelligenz (KI) und Augmented Reality (AR) sind heute von zentraler Bedeutung f\u00fcr das Innovationsportfolio eines jeden Unternehmensf\u00fchrers und entscheidend f\u00fcr die Beschleunigung der Bem\u00fchungen um die digitale Transformation in einer Zeit, in der Unternehmen sie am dringendsten ben\u00f6tigen.<\/p>\n<p>In diesem kostenlosen eBook erfahren Sie, wie industriell vernetzte Worker-L\u00f6sungen, die KI und AR nutzen, Unternehmen dabei helfen, ihre Bem\u00fchungen um die digitale Transformation zu beschleunigen.<\/p>\n<\/div><\/section><\/p><\/div><div class=\"flex_column av_one_half  av-break-at-tablet flex_column_div   avia-builder-el-7  el_after_av_one_half  avia-builder-el-last  ebook-right-column\" style='padding:0px 0px 0px 30px ; border-radius:0px; '><p><section class=\"av_textblock_section  av-medium-hide av-small-hide av-mini-hide\"  itemscope=\"itemscope\" itemtype=\"https:\/\/schema.org\/BlogPosting\" itemprop=\"blogPost\" ><div class='avia_textblock eyebrow-headline av_inherit_color'  style='color:#ffffff; '  itemprop=\"text\" ><p>Holen Sie sich Ihr kostenloses eBook<\/p>\n<\/div><\/section><br \/>\n<div  style='padding-bottom:20px; margin-top:30px; color:#ffffff;font-size:32px;' class='av-special-heading av-special-heading-h2 custom-color-heading blockquote modern-quote  avia-builder-el-9  el_after_av_textblock  el_before_av_codeblock  av-inherit-size  av-medium-hide av-small-hide av-mini-hide'><h2 class='av-special-heading-tag'  itemprop=\"headline\"  >Beschleunigen Sie Ihre digitale Reise mit einer vernetzten Belegschaft<\/h2><div class='special-heading-border'><div class='special-heading-inner-border' style='border-color:#ffffff'><\/div><\/div><\/div><br \/>\n<\/p><\/div><\/div><\/div><\/main><!-- close content main element --><\/div><\/div><div id='after_section_1'  class='main_color av_default_container_wrap container_wrap sidebar_right' style=' '  ><div class='container' ><div class='template-page content  av-content-small alpha units'><div class='post-entry post-entry-type-page post-entry-10265'><div class='entry-content-wrapper clearfix'>","protected":false},"excerpt":{"rendered":"<p>Kostenfreier Download<\/p>","protected":false},"author":1,"featured_media":11437,"comment_status":"closed","ping_status":"closed","sticky":false,"template":"","format":"standard","meta":{"inline_featured_image":false,"_lmt_disableupdate":"no","_lmt_disable":"","footnotes":""},"categories":[37],"tags":[],"class_list":["post-10265","post","type-post","status-publish","format-standard","has-post-thumbnail","hentry","category-ebooks"],"yoast_head":"<!-- This site is optimized with the Yoast SEO plugin v27.2 - https:\/\/yoast.com\/product\/yoast-seo-wordpress\/ -->\n<title>Accelerate Digital Transformation with a Connected Workforce - Augmentir<\/title>\n<meta name=\"description\" content=\"In this free eBook, learn how industrial connected worker solutions that leverage AI and AR are helping companies accelerate their digital transformation efforts.\" \/>\n<meta name=\"robots\" content=\"index, follow, max-snippet:-1, max-image-preview:large, max-video-preview:-1\" \/>\n<link rel=\"canonical\" href=\"https:\/\/www.augmentir.com\/de\/ebooks\/accelerate-digital-transformation-with-a-connected-workforce\" \/>\n<meta property=\"og:locale\" content=\"de_DE\" \/>\n<meta property=\"og:type\" content=\"article\" \/>\n<meta property=\"og:title\" content=\"Accelerate Digital Transformation with a Connected Workforce - Augmentir\" \/>\n<meta property=\"og:description\" content=\"In this free eBook, learn how industrial connected worker solutions that leverage AI and AR are helping companies accelerate their digital transformation efforts.\" \/>\n<meta property=\"og:url\" content=\"https:\/\/www.augmentir.com\/de\/ebooks\/accelerate-digital-transformation-with-a-connected-workforce\" \/>\n<meta property=\"og:site_name\" content=\"Augmentir\" \/>\n<meta property=\"article:published_time\" content=\"2021-06-03T15:31:54+00:00\" \/>\n<meta property=\"article:modified_time\" content=\"2023-05-03T11:53:07+00:00\" \/>\n<meta property=\"og:image\" content=\"https:\/\/www.augmentir.com\/wp-content\/uploads\/2021\/10\/augmentir-webinar.png\" \/>\n\t<meta property=\"og:image:width\" content=\"1200\" \/>\n\t<meta property=\"og:image:height\" content=\"630\" \/>\n\t<meta property=\"og:image:type\" content=\"image\/png\" \/>\n<meta name=\"author\" content=\"Chris Kuntz\" \/>\n<meta name=\"twitter:card\" content=\"summary_large_image\" \/>\n<meta name=\"twitter:creator\" content=\"@augmentir\" \/>\n<meta name=\"twitter:site\" content=\"@augmentir\" \/>\n<script type=\"application\/ld+json\" class=\"yoast-schema-graph\">{\"@context\":\"https:\/\/schema.org\",\"@graph\":[{\"@type\":\"Article\",\"@id\":\"https:\/\/www.augmentir.com\/ebooks\/accelerate-digital-transformation-with-a-connected-workforce#article\",\"isPartOf\":{\"@id\":\"https:\/\/www.augmentir.com\/ebooks\/accelerate-digital-transformation-with-a-connected-workforce\"},\"author\":{\"name\":\"Chris Kuntz\",\"@id\":\"https:\/\/www.augmentir.com\/#\/schema\/person\/a873d3191dd1f8d87b6c61258e92d07b\"},\"headline\":\"Accelerate Digital Transformation with a Connected Workforce\",\"datePublished\":\"2021-06-03T15:31:54+00:00\",\"dateModified\":\"2023-05-03T11:53:07+00:00\",\"mainEntityOfPage\":{\"@id\":\"https:\/\/www.augmentir.com\/ebooks\/accelerate-digital-transformation-with-a-connected-workforce\"},\"wordCount\":986,\"publisher\":{\"@id\":\"https:\/\/www.augmentir.com\/#organization\"},\"image\":{\"@id\":\"https:\/\/www.augmentir.com\/ebooks\/accelerate-digital-transformation-with-a-connected-workforce#primaryimage\"},\"thumbnailUrl\":\"https:\/\/www.augmentir.com\/wp-content\/uploads\/2021\/10\/augmentir-webinar.png\",\"articleSection\":[\"eBooks\"],\"inLanguage\":\"de-DE\"},{\"@type\":\"WebPage\",\"@id\":\"https:\/\/www.augmentir.com\/ebooks\/accelerate-digital-transformation-with-a-connected-workforce\",\"url\":\"https:\/\/www.augmentir.com\/ebooks\/accelerate-digital-transformation-with-a-connected-workforce\",\"name\":\"Accelerate Digital Transformation with a Connected Workforce - Augmentir\",\"isPartOf\":{\"@id\":\"https:\/\/www.augmentir.com\/#website\"},\"primaryImageOfPage\":{\"@id\":\"https:\/\/www.augmentir.com\/ebooks\/accelerate-digital-transformation-with-a-connected-workforce#primaryimage\"},\"image\":{\"@id\":\"https:\/\/www.augmentir.com\/ebooks\/accelerate-digital-transformation-with-a-connected-workforce#primaryimage\"},\"thumbnailUrl\":\"https:\/\/www.augmentir.com\/wp-content\/uploads\/2021\/10\/augmentir-webinar.png\",\"datePublished\":\"2021-06-03T15:31:54+00:00\",\"dateModified\":\"2023-05-03T11:53:07+00:00\",\"description\":\"In this free eBook, learn how industrial connected worker solutions that leverage AI and AR are helping companies accelerate their digital transformation efforts.\",\"breadcrumb\":{\"@id\":\"https:\/\/www.augmentir.com\/ebooks\/accelerate-digital-transformation-with-a-connected-workforce#breadcrumb\"},\"inLanguage\":\"de-DE\",\"potentialAction\":[{\"@type\":\"ReadAction\",\"target\":[\"https:\/\/www.augmentir.com\/ebooks\/accelerate-digital-transformation-with-a-connected-workforce\"]}]},{\"@type\":\"ImageObject\",\"inLanguage\":\"de-DE\",\"@id\":\"https:\/\/www.augmentir.com\/ebooks\/accelerate-digital-transformation-with-a-connected-workforce#primaryimage\",\"url\":\"https:\/\/www.augmentir.com\/wp-content\/uploads\/2021\/10\/augmentir-webinar.png\",\"contentUrl\":\"https:\/\/www.augmentir.com\/wp-content\/uploads\/2021\/10\/augmentir-webinar.png\",\"width\":1200,\"height\":630},{\"@type\":\"BreadcrumbList\",\"@id\":\"https:\/\/www.augmentir.com\/ebooks\/accelerate-digital-transformation-with-a-connected-workforce#breadcrumb\",\"itemListElement\":[{\"@type\":\"ListItem\",\"position\":1,\"name\":\"Home\",\"item\":\"https:\/\/www.augmentir.com\/\"},{\"@type\":\"ListItem\",\"position\":2,\"name\":\"Accelerate Digital Transformation with a Connected Workforce\"}]},{\"@type\":\"WebSite\",\"@id\":\"https:\/\/www.augmentir.com\/#website\",\"url\":\"https:\/\/www.augmentir.com\/\",\"name\":\"Augmentir\",\"description\":\"AI-Powered Connected Worker Platform\",\"publisher\":{\"@id\":\"https:\/\/www.augmentir.com\/#organization\"},\"potentialAction\":[{\"@type\":\"SearchAction\",\"target\":{\"@type\":\"EntryPoint\",\"urlTemplate\":\"https:\/\/www.augmentir.com\/?s={search_term_string}\"},\"query-input\":{\"@type\":\"PropertyValueSpecification\",\"valueRequired\":true,\"valueName\":\"search_term_string\"}}],\"inLanguage\":\"de-DE\"},{\"@type\":\"Organization\",\"@id\":\"https:\/\/www.augmentir.com\/#organization\",\"name\":\"Augmentir, Inc.\",\"url\":\"https:\/\/www.augmentir.com\/\",\"logo\":{\"@type\":\"ImageObject\",\"inLanguage\":\"de-DE\",\"@id\":\"https:\/\/www.augmentir.com\/#\/schema\/logo\/image\/\",\"url\":\"https:\/\/www.augmentir.com\/wp-content\/uploads\/2021\/10\/Augmentir_Logo.svg\",\"contentUrl\":\"https:\/\/www.augmentir.com\/wp-content\/uploads\/2021\/10\/Augmentir_Logo.svg\",\"width\":\"1200\",\"height\":\"1200\",\"caption\":\"Augmentir, Inc.\"},\"image\":{\"@id\":\"https:\/\/www.augmentir.com\/#\/schema\/logo\/image\/\"},\"sameAs\":[\"https:\/\/x.com\/augmentir\",\"https:\/\/www.linkedin.com\/company\/augmentir\"]},{\"@type\":\"Person\",\"@id\":\"https:\/\/www.augmentir.com\/#\/schema\/person\/a873d3191dd1f8d87b6c61258e92d07b\",\"name\":\"Chris Kuntz\",\"image\":{\"@type\":\"ImageObject\",\"inLanguage\":\"de-DE\",\"@id\":\"https:\/\/secure.gravatar.com\/avatar\/abd67359f51a3bbf443889279746e01267bf01e1ee2e6fb9106da36ad4ade3ed?s=96&d=mm&r=g\",\"url\":\"https:\/\/secure.gravatar.com\/avatar\/abd67359f51a3bbf443889279746e01267bf01e1ee2e6fb9106da36ad4ade3ed?s=96&d=mm&r=g\",\"contentUrl\":\"https:\/\/secure.gravatar.com\/avatar\/abd67359f51a3bbf443889279746e01267bf01e1ee2e6fb9106da36ad4ade3ed?s=96&d=mm&r=g\",\"caption\":\"Chris Kuntz\"},\"description\":\"Vice President of Strategic Operations Augmentir\",\"sameAs\":[\"https:\/\/www.augmentir.com\/author\/chris-kuntz\"],\"url\":\"https:\/\/www.augmentir.com\/de\/author\/chris-kuntz\"}]}<\/script>\n<!-- \/ Yoast SEO plugin. -->","yoast_head_json":{"title":"Accelerate Digital Transformation with a Connected Workforce - Augmentir","description":"In this free eBook, learn how industrial connected worker solutions that leverage AI and AR are helping companies accelerate their digital transformation efforts.","robots":{"index":"index","follow":"follow","max-snippet":"max-snippet:-1","max-image-preview":"max-image-preview:large","max-video-preview":"max-video-preview:-1"},"canonical":"https:\/\/www.augmentir.com\/de\/ebooks\/accelerate-digital-transformation-with-a-connected-workforce","og_locale":"de_DE","og_type":"article","og_title":"Accelerate Digital Transformation with a Connected Workforce - Augmentir","og_description":"In this free eBook, learn how industrial connected worker solutions that leverage AI and AR are helping companies accelerate their digital transformation efforts.","og_url":"https:\/\/www.augmentir.com\/de\/ebooks\/accelerate-digital-transformation-with-a-connected-workforce","og_site_name":"Augmentir","article_published_time":"2021-06-03T15:31:54+00:00","article_modified_time":"2023-05-03T11:53:07+00:00","og_image":[{"width":1200,"height":630,"url":"https:\/\/www.augmentir.com\/wp-content\/uploads\/2021\/10\/augmentir-webinar.png","type":"image\/png"}],"author":"Chris Kuntz","twitter_card":"summary_large_image","twitter_creator":"@augmentir","twitter_site":"@augmentir","schema":{"@context":"https:\/\/schema.org","@graph":[{"@type":"Article","@id":"https:\/\/www.augmentir.com\/ebooks\/accelerate-digital-transformation-with-a-connected-workforce#article","isPartOf":{"@id":"https:\/\/www.augmentir.com\/ebooks\/accelerate-digital-transformation-with-a-connected-workforce"},"author":{"name":"Chris Kuntz","@id":"https:\/\/www.augmentir.com\/#\/schema\/person\/a873d3191dd1f8d87b6c61258e92d07b"},"headline":"Accelerate Digital Transformation with a Connected Workforce","datePublished":"2021-06-03T15:31:54+00:00","dateModified":"2023-05-03T11:53:07+00:00","mainEntityOfPage":{"@id":"https:\/\/www.augmentir.com\/ebooks\/accelerate-digital-transformation-with-a-connected-workforce"},"wordCount":986,"publisher":{"@id":"https:\/\/www.augmentir.com\/#organization"},"image":{"@id":"https:\/\/www.augmentir.com\/ebooks\/accelerate-digital-transformation-with-a-connected-workforce#primaryimage"},"thumbnailUrl":"https:\/\/www.augmentir.com\/wp-content\/uploads\/2021\/10\/augmentir-webinar.png","articleSection":["eBooks"],"inLanguage":"de-DE"},{"@type":"WebPage","@id":"https:\/\/www.augmentir.com\/ebooks\/accelerate-digital-transformation-with-a-connected-workforce","url":"https:\/\/www.augmentir.com\/ebooks\/accelerate-digital-transformation-with-a-connected-workforce","name":"Accelerate Digital Transformation with a Connected Workforce - Augmentir","isPartOf":{"@id":"https:\/\/www.augmentir.com\/#website"},"primaryImageOfPage":{"@id":"https:\/\/www.augmentir.com\/ebooks\/accelerate-digital-transformation-with-a-connected-workforce#primaryimage"},"image":{"@id":"https:\/\/www.augmentir.com\/ebooks\/accelerate-digital-transformation-with-a-connected-workforce#primaryimage"},"thumbnailUrl":"https:\/\/www.augmentir.com\/wp-content\/uploads\/2021\/10\/augmentir-webinar.png","datePublished":"2021-06-03T15:31:54+00:00","dateModified":"2023-05-03T11:53:07+00:00","description":"In this free eBook, learn how industrial connected worker solutions that leverage AI and AR are helping companies accelerate their digital transformation efforts.","breadcrumb":{"@id":"https:\/\/www.augmentir.com\/ebooks\/accelerate-digital-transformation-with-a-connected-workforce#breadcrumb"},"inLanguage":"de-DE","potentialAction":[{"@type":"ReadAction","target":["https:\/\/www.augmentir.com\/ebooks\/accelerate-digital-transformation-with-a-connected-workforce"]}]},{"@type":"ImageObject","inLanguage":"de-DE","@id":"https:\/\/www.augmentir.com\/ebooks\/accelerate-digital-transformation-with-a-connected-workforce#primaryimage","url":"https:\/\/www.augmentir.com\/wp-content\/uploads\/2021\/10\/augmentir-webinar.png","contentUrl":"https:\/\/www.augmentir.com\/wp-content\/uploads\/2021\/10\/augmentir-webinar.png","width":1200,"height":630},{"@type":"BreadcrumbList","@id":"https:\/\/www.augmentir.com\/ebooks\/accelerate-digital-transformation-with-a-connected-workforce#breadcrumb","itemListElement":[{"@type":"ListItem","position":1,"name":"Home","item":"https:\/\/www.augmentir.com\/"},{"@type":"ListItem","position":2,"name":"Accelerate Digital Transformation with a Connected Workforce"}]},{"@type":"WebSite","@id":"https:\/\/www.augmentir.com\/#website","url":"https:\/\/www.augmentir.com\/","name":"Augmentir","description":"AI-Powered Connected Worker Platform","publisher":{"@id":"https:\/\/www.augmentir.com\/#organization"},"potentialAction":[{"@type":"SearchAction","target":{"@type":"EntryPoint","urlTemplate":"https:\/\/www.augmentir.com\/?s={search_term_string}"},"query-input":{"@type":"PropertyValueSpecification","valueRequired":true,"valueName":"search_term_string"}}],"inLanguage":"de-DE"},{"@type":"Organization","@id":"https:\/\/www.augmentir.com\/#organization","name":"Augmentir, Inc.","url":"https:\/\/www.augmentir.com\/","logo":{"@type":"ImageObject","inLanguage":"de-DE","@id":"https:\/\/www.augmentir.com\/#\/schema\/logo\/image\/","url":"https:\/\/www.augmentir.com\/wp-content\/uploads\/2021\/10\/Augmentir_Logo.svg","contentUrl":"https:\/\/www.augmentir.com\/wp-content\/uploads\/2021\/10\/Augmentir_Logo.svg","width":"1200","height":"1200","caption":"Augmentir, Inc."},"image":{"@id":"https:\/\/www.augmentir.com\/#\/schema\/logo\/image\/"},"sameAs":["https:\/\/x.com\/augmentir","https:\/\/www.linkedin.com\/company\/augmentir"]},{"@type":"Person","@id":"https:\/\/www.augmentir.com\/#\/schema\/person\/a873d3191dd1f8d87b6c61258e92d07b","name":"Chris Kuntz","image":{"@type":"ImageObject","inLanguage":"de-DE","@id":"https:\/\/secure.gravatar.com\/avatar\/abd67359f51a3bbf443889279746e01267bf01e1ee2e6fb9106da36ad4ade3ed?s=96&d=mm&r=g","url":"https:\/\/secure.gravatar.com\/avatar\/abd67359f51a3bbf443889279746e01267bf01e1ee2e6fb9106da36ad4ade3ed?s=96&d=mm&r=g","contentUrl":"https:\/\/secure.gravatar.com\/avatar\/abd67359f51a3bbf443889279746e01267bf01e1ee2e6fb9106da36ad4ade3ed?s=96&d=mm&r=g","caption":"Chris Kuntz"},"description":"Vice President of Strategic Operations Augmentir","sameAs":["https:\/\/www.augmentir.com\/author\/chris-kuntz"],"url":"https:\/\/www.augmentir.com\/de\/author\/chris-kuntz"}]}},"modified_by":"Chris Kuntz","_links":{"self":[{"href":"https:\/\/www.augmentir.com\/de\/wp-json\/wp\/v2\/posts\/10265","targetHints":{"allow":["GET"]}}],"collection":[{"href":"https:\/\/www.augmentir.com\/de\/wp-json\/wp\/v2\/posts"}],"about":[{"href":"https:\/\/www.augmentir.com\/de\/wp-json\/wp\/v2\/types\/post"}],"author":[{"embeddable":true,"href":"https:\/\/www.augmentir.com\/de\/wp-json\/wp\/v2\/users\/1"}],"replies":[{"embeddable":true,"href":"https:\/\/www.augmentir.com\/de\/wp-json\/wp\/v2\/comments?post=10265"}],"version-history":[{"count":0,"href":"https:\/\/www.augmentir.com\/de\/wp-json\/wp\/v2\/posts\/10265\/revisions"}],"wp:featuredmedia":[{"embeddable":true,"href":"https:\/\/www.augmentir.com\/de\/wp-json\/wp\/v2\/media\/11437"}],"wp:attachment":[{"href":"https:\/\/www.augmentir.com\/de\/wp-json\/wp\/v2\/media?parent=10265"}],"wp:term":[{"taxonomy":"category","embeddable":true,"href":"https:\/\/www.augmentir.com\/de\/wp-json\/wp\/v2\/categories?post=10265"},{"taxonomy":"post_tag","embeddable":true,"href":"https:\/\/www.augmentir.com\/de\/wp-json\/wp\/v2\/tags?post=10265"}],"curies":[{"name":"wp","href":"https:\/\/api.w.org\/{rel}","templated":true}]}}